{"id":21684,"date":"2015-04-21T17:09:23","date_gmt":"2015-04-21T14:09:23","guid":{"rendered":"http:\/\/www.sana.sy\/es\/?p=21684"},"modified":"2015-04-21T17:44:25","modified_gmt":"2015-04-21T14:44:25","slug":"el-vicecanciller-sirio-debate-con-su-homologo-irani-el-desarrollo-de-las-relaciones-bilaterales","status":"publish","type":"post","link":"https:\/\/archive.sana.sy\/es\/?p=21684","title":{"rendered":"Conversaciones sirio-iran\u00edes de alto nivel en la capital Teher\u00e1n"},"content":{"rendered":"<p><span style=\"color: #800000\">Teher\u00e1n, SANA<\/span><\/p>\n<p>El vicecanciller, Faisal al-Mekdad, examin\u00f3 con el su hom\u00f3logo iran\u00ed, Hossein Amir Abdullahian, las v\u00edas de desarrollar las relaciones bilaterales, lo cual redunda en beneficios para ambos pa\u00edses y para la seguridad y estabilidad tanto mundiales como regionales.<\/p>\n<p>El encuentro gir\u00f3 en torno a las nuevas evoluciones pol\u00edticas y sobre el terreno en Siria, y los cambios en el escenario regional como internacional, as\u00ed como las v\u00edas de reforzar la resistencia del pueblo y el liderazgo de Siria frente a la guerra terrorista que est\u00e1n enfrentando.<\/p>\n<p>El Vicecanciller sirio hizo una panor\u00e1mica sobre la situaci\u00f3n en Siria y los avances logrados por el ej\u00e9rcito en su batalla contra el terrorismo, afirmando que Siria y su pueblo han frustrado el complot y cantar\u00e1n victoria gracias al apoyo de sus amigos.<\/p>\n<p>En cuanto a la situaci\u00f3n en Yemen, al-Mekdad ratific\u00f3 el apoyo de Siria al plan de cuatro puntos iran\u00ed encaminado a resolver la crisis en esta naci\u00f3n, el cual incluye el cese inmediato de la agresi\u00f3n saud\u00ed contra Yemen y el lanzamiento del di\u00e1logo entre los diferentes bandos del pueblo yemen\u00ed.<\/p>\n<p>Al-Mekdad denunci\u00f3 el papel destructivo del Gobierno turco en los \u00faltimos acontecimientos en Siria, se\u00f1alando que el mismo est\u00e1 brindando apoyo log\u00edstico y financiero a las bandas terroristas en Siria para cambiar la balanza a su favor.<\/p>\n<p>Asimismo, destac\u00f3 la importancia de hacer frente a la ideolog\u00eda takfirista y extremista que est\u00e1 amenazando a las sociedades de la regi\u00f3n.<\/p>\n<p>A su vez, Abdullahian reiter\u00f3 el apoyo de su pa\u00eds a Siria en sus esfuerzos para luchar contra el terrorismo y garantizar el \u00e9xito del di\u00e1logo intersirio lejos de la injerencia extranjera.<\/p>\n<p>De igual manera, elogi\u00f3 los logros alcanzados por el Ej\u00e9rcito sirio contra los terroristas a lo largo del territorio sirio, acotando que \u201ctodos aquellos que han apoyado al terrorismo en Siria se percatan hoy en d\u00eda de que la postura Siria es correcta desde el inicio de la crisis\u201d<\/p>\n<p>Ambas partes acordaron la necesidad de continuar las negociaciones y la coordinaci\u00f3n conjunta, lo cual sirve los intereses de ambos pueblos hermanos.<\/p>\n<p>&nbsp;<\/p>\n<p>Lynn A., Fady M.<\/p>\n","protected":false},"excerpt":{"rendered":"<p>Teher\u00e1n, SANA El vicecanciller, Faisal al-Mekdad, examin\u00f3 con el su hom\u00f3logo iran\u00ed, Hossein Amir Abdullahian, las v\u00edas de desarrollar las relaciones bilaterales, lo cual redunda en beneficios para ambos pa\u00edses y para la seguridad y estabilidad tanto mundiales como regionales. El encuentro gir\u00f3 en torno a las nuevas evoluciones pol\u00edticas y sobre el terreno en &hellip;<\/p>\n","protected":false},"author":24,"featured_media":21685,"comment_status":"closed","ping_status":"closed","sticky":false,"template":"","format":"standard","meta":{"footnotes":""},"categories":[597,456,457,576],"tags":[4948],"class_list":["post-21684","post","type-post","status-publish","format-standard","has-post-thumbnail","","category-cinta-de-noticias","category-arabe-internacional-politica","category-noticias-arabe-internacional-politica","category-noticias-politicas","tag-conversaciones-sirio-iranies-de-alto-nivel-en-la-capital-teheran"],"_links":{"self":[{"href":"https:\/\/archive.sana.sy\/es\/index.php?rest_route=\/wp\/v2\/posts\/21684"}],"collection":[{"href":"https:\/\/archive.sana.sy\/es\/index.php?rest_route=\/wp\/v2\/posts"}],"about":[{"href":"https:\/\/archive.sana.sy\/es\/index.php?rest_route=\/wp\/v2\/types\/post"}],"author":[{"embeddable":true,"href":"https:\/\/archive.sana.sy\/es\/index.php?rest_route=\/wp\/v2\/users\/24"}],"replies":[{"embeddable":true,"href":"https:\/\/archive.sana.sy\/es\/index.php?rest_route=%2Fwp%2Fv2%2Fcomments&post=21684"}],"version-history":[{"count":0,"href":"https:\/\/archive.sana.sy\/es\/index.php?rest_route=\/wp\/v2\/posts\/21684\/revisions"}],"wp:featuredmedia":[{"embeddable":true,"href":"https:\/\/archive.sana.sy\/es\/index.php?rest_route=\/wp\/v2\/media\/21685"}],"wp:attachment":[{"href":"https:\/\/archive.sana.sy\/es\/index.php?rest_route=%2Fwp%2Fv2%2Fmedia&parent=21684"}],"wp:term":[{"taxonomy":"category","embeddable":true,"href":"https:\/\/archive.sana.sy\/es\/index.php?rest_route=%2Fwp%2Fv2%2Fcategories&post=21684"},{"taxonomy":"post_tag","embeddable":true,"href":"https:\/\/archive.sana.sy\/es\/index.php?rest_route=%2Fwp%2Fv2%2Ftags&post=21684"}],"curies":[{"name":"wp","href":"https:\/\/api.w.org\/{rel}","templated":true}]}}