{"id":216930,"date":"2022-02-02T14:31:51","date_gmt":"2022-02-02T12:31:51","guid":{"rendered":"http:\/\/107.6.182.27\/es\/?p=216930"},"modified":"2023-01-10T16:38:55","modified_gmt":"2023-01-10T14:38:55","slug":"45-miembros-del-partido-de-justicia-y-desarrollo-de-turquia-renuncian-de-forma-colectiva","status":"publish","type":"post","link":"https:\/\/archive.sana.sy\/es\/?p=216930","title":{"rendered":"Renuncia colectiva de 45 miembros del Partido AKP presidido por Erdogan"},"content":{"rendered":"<p style=\"text-align: justify\"><span style=\"color: #800000\"><strong>Ankara, 02 feb (SANA)<\/strong> <\/span>Cuarenta y cinco miembros del Partido de Justicia y Desarrollo de Turqu\u00eda (AKP), encabezado por el presidente del r\u00e9gimen turco, Recep Tayyip Erdogan, renunciaron a su cargo hoy de forma colectiva.<\/p>\n<p style=\"text-align: justify\">Seg\u00fan el peri\u00f3dico turco Zaman, todos aquellos fueron miembros de la sucursal del gobernante partido en la ciudad de Karaman, incluido su l\u00edder.<\/p>\n<p style=\"text-align: justify\">872 miembros del Partido de Justicia y Desarrollo hab\u00edan resignado en enero pasado por rechazar la forma en que su partido gestiona el pa\u00eds, y por haber sido objeto de acosos.<\/p>\n<p style=\"text-align: justify\">la<\/p>\n","protected":false},"excerpt":{"rendered":"<p>Ankara, 02 feb (SANA) Cuarenta y cinco miembros del Partido de Justicia y Desarrollo de Turqu\u00eda (AKP), encabezado por el presidente del r\u00e9gimen turco, Recep Tayyip Erdogan, renunciaron a su cargo hoy de forma colectiva. Seg\u00fan el peri\u00f3dico turco Zaman, todos aquellos fueron miembros de la sucursal del gobernante partido en la ciudad de Karaman, &hellip;<\/p>\n","protected":false},"author":24,"featured_media":216931,"comment_status":"closed","ping_status":"closed","sticky":false,"template":"","format":"standard","meta":{"footnotes":""},"categories":[597,456,7541],"tags":[],"class_list":["post-216930","post","type-post","status-publish","format-standard","has-post-thumbnail","","category-cinta-de-noticias","category-arabe-internacional-politica","category-ultimas-noticias"],"_links":{"self":[{"href":"https:\/\/archive.sana.sy\/es\/index.php?rest_route=\/wp\/v2\/posts\/216930"}],"collection":[{"href":"https:\/\/archive.sana.sy\/es\/index.php?rest_route=\/wp\/v2\/posts"}],"about":[{"href":"https:\/\/archive.sana.sy\/es\/index.php?rest_route=\/wp\/v2\/types\/post"}],"author":[{"embeddable":true,"href":"https:\/\/archive.sana.sy\/es\/index.php?rest_route=\/wp\/v2\/users\/24"}],"replies":[{"embeddable":true,"href":"https:\/\/archive.sana.sy\/es\/index.php?rest_route=%2Fwp%2Fv2%2Fcomments&post=216930"}],"version-history":[{"count":0,"href":"https:\/\/archive.sana.sy\/es\/index.php?rest_route=\/wp\/v2\/posts\/216930\/revisions"}],"wp:featuredmedia":[{"embeddable":true,"href":"https:\/\/archive.sana.sy\/es\/index.php?rest_route=\/wp\/v2\/media\/216931"}],"wp:attachment":[{"href":"https:\/\/archive.sana.sy\/es\/index.php?rest_route=%2Fwp%2Fv2%2Fmedia&parent=216930"}],"wp:term":[{"taxonomy":"category","embeddable":true,"href":"https:\/\/archive.sana.sy\/es\/index.php?rest_route=%2Fwp%2Fv2%2Fcategories&post=216930"},{"taxonomy":"post_tag","embeddable":true,"href":"https:\/\/archive.sana.sy\/es\/index.php?rest_route=%2Fwp%2Fv2%2Ftags&post=216930"}],"curies":[{"name":"wp","href":"https:\/\/api.w.org\/{rel}","templated":true}]}}