{"id":217010,"date":"2022-02-03T15:10:43","date_gmt":"2022-02-03T13:10:43","guid":{"rendered":"http:\/\/107.6.182.27\/es\/?p=217010"},"modified":"2023-01-10T15:13:12","modified_gmt":"2023-01-10T13:13:12","slug":"siria-aprueba-nuevo-proyecto-de-generacion-fotovoltaica-por-un-valor-de-casi-300-millones-de-usd","status":"publish","type":"post","link":"https:\/\/archive.sana.sy\/es\/?p=217010","title":{"rendered":"Siria aprueba nuevo proyecto de generaci\u00f3n fotovoltaica por un valor de casi 300 millones de USD"},"content":{"rendered":"<p style=\"text-align: justify;\"><span style=\"color: #800000;\"><strong>Damasco, 03 feb (SANA)\u00a0<\/strong> <\/span>El \u00d3rgano de Inversiones de Siria otorg\u00f3 hoy una nueva licencia de inversi\u00f3n para un proyecto de generaci\u00f3n de electricidad fotovoltaica en la ciudad industrial de Adra, cerca de la capital Damasco.<\/p>\n<p style=\"text-align: justify;\">En declaraciones a SANA, el director del referido \u00f3rgano, Madian Diab, dijo que la capacidad de generaci\u00f3n anual del proyecto se estima en 100 megavatios y el costo de inversi\u00f3n estimado de 745 mil millones de libras sirias (equivalente a 298 millones de USD).<\/p>\n<p style=\"text-align: justify;\">La concesi\u00f3n de licencias de inversi\u00f3n a proyectos de generaci\u00f3n de energ\u00eda, especialmente renovables, refleja su importancia en el apoyo a la econom\u00eda nacional mediante la provisi\u00f3n de los requisitos energ\u00e9ticos para proyectos industriales, explic\u00f3 Diab.<\/p>\n<p style=\"text-align: justify;\">Revel\u00f3 que existe una creciente demanda para inversiones en el campo de las energ\u00edas renovables, ya que la Ley de Inversiones No. 18 del 2021 le dio a este tipo de inversiones exenciones aduaneras y rebajas de impuestos.<\/p>\n<p style=\"text-align: justify;\">Seg\u00fan el directivo, el volumen de inversiones aprobadas de conformidad con lo dispuesto en la Ley N\u00b0 18 de 2021 ascendi\u00f3 a 916 mil millones de libras, con una capacidad de generaci\u00f3n de 215 megavatios.<\/p>\n<p style=\"text-align: justify;\"><em>fm\/sm<\/em><\/p>\n","protected":false},"excerpt":{"rendered":"<p>Damasco, 03 feb (SANA)\u00a0 El \u00d3rgano de Inversiones de Siria otorg\u00f3 hoy una nueva licencia de inversi\u00f3n para un proyecto de generaci\u00f3n de electricidad fotovoltaica en la ciudad industrial de Adra, cerca de la capital Damasco. En declaraciones a SANA, el director del referido \u00f3rgano, Madian Diab, dijo que la capacidad de generaci\u00f3n anual del &hellip;<\/p>\n","protected":false},"author":32,"featured_media":217014,"comment_status":"closed","ping_status":"closed","sticky":false,"template":"","format":"standard","meta":{"footnotes":""},"categories":[597,16686,485,476,457,583],"tags":[],"class_list":["post-217010","post","type-post","status-publish","format-standard","has-post-thumbnail","","category-cinta-de-noticias","category-economia","category-informes-negocios-y-finanzas","category-locales","category-noticias-arabe-internacional-politica","category-slide"],"_links":{"self":[{"href":"https:\/\/archive.sana.sy\/es\/index.php?rest_route=\/wp\/v2\/posts\/217010"}],"collection":[{"href":"https:\/\/archive.sana.sy\/es\/index.php?rest_route=\/wp\/v2\/posts"}],"about":[{"href":"https:\/\/archive.sana.sy\/es\/index.php?rest_route=\/wp\/v2\/types\/post"}],"author":[{"embeddable":true,"href":"https:\/\/archive.sana.sy\/es\/index.php?rest_route=\/wp\/v2\/users\/32"}],"replies":[{"embeddable":true,"href":"https:\/\/archive.sana.sy\/es\/index.php?rest_route=%2Fwp%2Fv2%2Fcomments&post=217010"}],"version-history":[{"count":0,"href":"https:\/\/archive.sana.sy\/es\/index.php?rest_route=\/wp\/v2\/posts\/217010\/revisions"}],"wp:featuredmedia":[{"embeddable":true,"href":"https:\/\/archive.sana.sy\/es\/index.php?rest_route=\/wp\/v2\/media\/217014"}],"wp:attachment":[{"href":"https:\/\/archive.sana.sy\/es\/index.php?rest_route=%2Fwp%2Fv2%2Fmedia&parent=217010"}],"wp:term":[{"taxonomy":"category","embeddable":true,"href":"https:\/\/archive.sana.sy\/es\/index.php?rest_route=%2Fwp%2Fv2%2Fcategories&post=217010"},{"taxonomy":"post_tag","embeddable":true,"href":"https:\/\/archive.sana.sy\/es\/index.php?rest_route=%2Fwp%2Fv2%2Ftags&post=217010"}],"curies":[{"name":"wp","href":"https:\/\/api.w.org\/{rel}","templated":true}]}}