{"id":217017,"date":"2022-02-03T15:52:00","date_gmt":"2022-02-03T13:52:00","guid":{"rendered":"http:\/\/107.6.182.27\/es\/?p=217017"},"modified":"2023-01-10T15:13:12","modified_gmt":"2023-01-10T13:13:12","slug":"siria-e-iraq-coordinan-posturas-para-preservar-sus-derechos-del-agua-en-los-rios-tigris-y-eufrates","status":"publish","type":"post","link":"https:\/\/archive.sana.sy\/es\/?p=217017","title":{"rendered":"Siria e Iraq coordinan posturas para preservar sus derechos del agua en los r\u00edos Tigris y \u00c9ufrates"},"content":{"rendered":"<p style=\"text-align: justify;\"><span style=\"color: #800000;\"><strong>Damasco, 03 feb (SANA)\u00a0<\/strong> <\/span>El primer ministro Hussein Arnous, se reuni\u00f3 hoy en esta capital con el ministro iraqu\u00ed de Recursos H\u00eddricos, Mahdi Rashid Al-Hamdani.<\/p>\n<p style=\"text-align: justify;\">Las conversaciones sostenidas durante la reuni\u00f3n abordaron los mecanismos de cooperaci\u00f3n entre los dos pa\u00edses, especialmente en las \u00e1reas del agua y los recursos h\u00eddricos, y la importancia de la coordinaci\u00f3n conjunta para preservar los derechos del agua de los dos pa\u00edses en los r\u00edos Tigris y \u00c9ufrates de acuerdo con las leyes internacionales y los acuerdos firmados, lo cual contribuye a mejorar la seguridad h\u00eddrica en los dos pa\u00edses, teniendo en cuenta los cambios clim\u00e1ticos en la regi\u00f3n.<\/p>\n<p style=\"text-align: justify;\">Arnous subray\u00f3 la necesidad de abrir nuevas perspectivas para la cooperaci\u00f3n en los campos comercial y econ\u00f3mico, simplificar los tr\u00e1mites de transporte terrestre y mar\u00edtimo, potenciar la cooperaci\u00f3n entre entidades y actores econ\u00f3micos, establecer proyectos de inversi\u00f3n conjunta y organizar ferias especializadas que promuevan los productos de los dos pa\u00edses.<\/p>\n<p style=\"text-align: justify;\">Por su parte, el ministro iraqu\u00ed destac\u00f3 la importancia de la cooperaci\u00f3n continua entre Irak y Siria en varios campos, especialmente en el campo del agua y los recursos h\u00eddricos, para garantizar sus derechos.<\/p>\n<p style=\"text-align: justify;\">Expres\u00f3 la disposici\u00f3n de su pa\u00eds de eliminar cualquier obst\u00e1culo ante el desarrollo de las relaciones de cooperaci\u00f3n entre los dos pa\u00edses de una manera que logre el beneficio com\u00fan.<\/p>\n<p style=\"text-align: justify;\"><em>fm\/sm<\/em><\/p>\n","protected":false},"excerpt":{"rendered":"<p>Damasco, 03 feb (SANA)\u00a0 El primer ministro Hussein Arnous, se reuni\u00f3 hoy en esta capital con el ministro iraqu\u00ed de Recursos H\u00eddricos, Mahdi Rashid Al-Hamdani. Las conversaciones sostenidas durante la reuni\u00f3n abordaron los mecanismos de cooperaci\u00f3n entre los dos pa\u00edses, especialmente en las \u00e1reas del agua y los recursos h\u00eddricos, y la importancia de la &hellip;<\/p>\n","protected":false},"author":39,"featured_media":217020,"comment_status":"closed","ping_status":"closed","sticky":false,"template":"","format":"standard","meta":{"footnotes":""},"categories":[597,16686,485,476,457,583],"tags":[],"class_list":["post-217017","post","type-post","status-publish","format-standard","has-post-thumbnail","","category-cinta-de-noticias","category-economia","category-informes-negocios-y-finanzas","category-locales","category-noticias-arabe-internacional-politica","category-slide"],"_links":{"self":[{"href":"https:\/\/archive.sana.sy\/es\/index.php?rest_route=\/wp\/v2\/posts\/217017"}],"collection":[{"href":"https:\/\/archive.sana.sy\/es\/index.php?rest_route=\/wp\/v2\/posts"}],"about":[{"href":"https:\/\/archive.sana.sy\/es\/index.php?rest_route=\/wp\/v2\/types\/post"}],"author":[{"embeddable":true,"href":"https:\/\/archive.sana.sy\/es\/index.php?rest_route=\/wp\/v2\/users\/39"}],"replies":[{"embeddable":true,"href":"https:\/\/archive.sana.sy\/es\/index.php?rest_route=%2Fwp%2Fv2%2Fcomments&post=217017"}],"version-history":[{"count":0,"href":"https:\/\/archive.sana.sy\/es\/index.php?rest_route=\/wp\/v2\/posts\/217017\/revisions"}],"wp:featuredmedia":[{"embeddable":true,"href":"https:\/\/archive.sana.sy\/es\/index.php?rest_route=\/wp\/v2\/media\/217020"}],"wp:attachment":[{"href":"https:\/\/archive.sana.sy\/es\/index.php?rest_route=%2Fwp%2Fv2%2Fmedia&parent=217017"}],"wp:term":[{"taxonomy":"category","embeddable":true,"href":"https:\/\/archive.sana.sy\/es\/index.php?rest_route=%2Fwp%2Fv2%2Fcategories&post=217017"},{"taxonomy":"post_tag","embeddable":true,"href":"https:\/\/archive.sana.sy\/es\/index.php?rest_route=%2Fwp%2Fv2%2Ftags&post=217017"}],"curies":[{"name":"wp","href":"https:\/\/api.w.org\/{rel}","templated":true}]}}