{"id":217021,"date":"2022-02-03T15:55:19","date_gmt":"2022-02-03T13:55:19","guid":{"rendered":"http:\/\/107.6.182.27\/es\/?p=217021"},"modified":"2023-01-10T16:38:54","modified_gmt":"2023-01-10T14:38:54","slug":"israel-demuele-casas-e-instalaciones-agricolas-palestinas","status":"publish","type":"post","link":"https:\/\/archive.sana.sy\/es\/?p=217021","title":{"rendered":"\u201cIsrael\u201d demuele casas e instalaciones agr\u00edcolas palestinas"},"content":{"rendered":"<p style=\"text-align: justify;\"><span style=\"color: #800000;\"><strong>Jerusal\u00e9n ocupada, 03 feb (SANA)\u00a0<\/strong> <\/span>Las fuerzas de ocupaci\u00f3n israel\u00edes demolieron hoy viviendas e instalaciones agr\u00edcolas en la aldea de Deir Nidham, al noroeste de Ramallah, en Cisjordania.<\/p>\n<p style=\"text-align: justify;\">Seg\u00fan difundi\u00f3 la agencia palestina de noticias Wafa, las tropas del ocupante sionista asaltaron la localidad de Al-Hassa en la referida aldea con varias excavadoras y demolieron varias casas e instalaciones agr\u00edcolas.<\/p>\n<p style=\"text-align: justify;\">Dicha aldea es objeto de incursiones diarias por parte los soldados israel\u00edes y los colonos en un intento de apoderarse del manantial de agua en la misma.<\/p>\n<p style=\"text-align: justify;\"><em>sm\/fm<\/em><\/p>\n","protected":false},"excerpt":{"rendered":"<p>Jerusal\u00e9n ocupada, 03 feb (SANA)\u00a0 Las fuerzas de ocupaci\u00f3n israel\u00edes demolieron hoy viviendas e instalaciones agr\u00edcolas en la aldea de Deir Nidham, al noroeste de Ramallah, en Cisjordania. Seg\u00fan difundi\u00f3 la agencia palestina de noticias Wafa, las tropas del ocupante sionista asaltaron la localidad de Al-Hassa en la referida aldea con varias excavadoras y demolieron &hellip;<\/p>\n","protected":false},"author":39,"featured_media":217022,"comment_status":"closed","ping_status":"closed","sticky":false,"template":"","format":"standard","meta":{"footnotes":""},"categories":[597,456,457],"tags":[],"class_list":["post-217021","post","type-post","status-publish","format-standard","has-post-thumbnail","","category-cinta-de-noticias","category-arabe-internacional-politica","category-noticias-arabe-internacional-politica"],"_links":{"self":[{"href":"https:\/\/archive.sana.sy\/es\/index.php?rest_route=\/wp\/v2\/posts\/217021"}],"collection":[{"href":"https:\/\/archive.sana.sy\/es\/index.php?rest_route=\/wp\/v2\/posts"}],"about":[{"href":"https:\/\/archive.sana.sy\/es\/index.php?rest_route=\/wp\/v2\/types\/post"}],"author":[{"embeddable":true,"href":"https:\/\/archive.sana.sy\/es\/index.php?rest_route=\/wp\/v2\/users\/39"}],"replies":[{"embeddable":true,"href":"https:\/\/archive.sana.sy\/es\/index.php?rest_route=%2Fwp%2Fv2%2Fcomments&post=217021"}],"version-history":[{"count":0,"href":"https:\/\/archive.sana.sy\/es\/index.php?rest_route=\/wp\/v2\/posts\/217021\/revisions"}],"wp:featuredmedia":[{"embeddable":true,"href":"https:\/\/archive.sana.sy\/es\/index.php?rest_route=\/wp\/v2\/media\/217022"}],"wp:attachment":[{"href":"https:\/\/archive.sana.sy\/es\/index.php?rest_route=%2Fwp%2Fv2%2Fmedia&parent=217021"}],"wp:term":[{"taxonomy":"category","embeddable":true,"href":"https:\/\/archive.sana.sy\/es\/index.php?rest_route=%2Fwp%2Fv2%2Fcategories&post=217021"},{"taxonomy":"post_tag","embeddable":true,"href":"https:\/\/archive.sana.sy\/es\/index.php?rest_route=%2Fwp%2Fv2%2Ftags&post=217021"}],"curies":[{"name":"wp","href":"https:\/\/api.w.org\/{rel}","templated":true}]}}