{"id":217260,"date":"2022-02-06T06:39:48","date_gmt":"2022-02-06T04:39:48","guid":{"rendered":"http:\/\/107.6.182.27\/es\/?p=217260"},"modified":"2023-01-10T14:20:41","modified_gmt":"2023-01-10T12:20:41","slug":"repasan-cooperacion-entre-museos-sirios-y-el-museo-del-louvre-en-abu-dabi","status":"publish","type":"post","link":"https:\/\/archive.sana.sy\/es\/?p=217260","title":{"rendered":"Repasan cooperaci\u00f3n entre museos sirios y el museo del Louvre en Abu Dabi"},"content":{"rendered":"<p style=\"text-align: justify;\"><span style=\"color: #800000;\"><strong>Damasco, 06 feb (SANA)<\/strong><\/span>\u00a0\u00a0 El desarrollo de m\u00e9todos de exhibici\u00f3n en los museos que albergan antig\u00fcedades sirios y la organizaci\u00f3n de una exhibici\u00f3n de estas antig\u00fcedades en el Museo del Louvre en Abu Dabi centraron las conversaciones sostenidas entre la ministra de Cultura, Lubana Mashawah, con la administraci\u00f3n del referido Museo.<\/p>\n<p style=\"text-align: justify;\">El encuentro que se sostuvo en el marco de la visita de la titular a Emiratos \u00c1rabes Unidos, trat\u00f3 tambi\u00e9n la posibilidad de firmar un memorando de entendimiento que regule las relaciones de cooperaci\u00f3n entre los museos sirios y el Museo del Louvre y las formas de intercambiar experiencias.<\/p>\n<p style=\"text-align: justify;\"><img loading=\"lazy\" decoding=\"async\" class=\"size-full wp-image-217262 alignleft\" src=\"http:\/\/107.6.182.27\/es\/wp-content\/uploads\/2022\/02\/photo_2022-02-05_23-28-45-300x154-1.jpg\" alt=\"\" width=\"300\" height=\"154\" srcset=\"https:\/\/archive.sana.sy\/es\/wp-content\/uploads\/2022\/02\/photo_2022-02-05_23-28-45-300x154-1.jpg 300w, https:\/\/archive.sana.sy\/es\/wp-content\/uploads\/2022\/02\/photo_2022-02-05_23-28-45-300x154-1-150x77.jpg 150w\" sizes=\"(max-width: 300px) 100vw, 300px\" \/>Por otro lado, Mushawah sostuvo dos reuniones por separado con un grupo de intelectuales sirios residentes en Emiratos \u00c1rabes Unidos, y abord\u00f3 con ellos, las v\u00edas de activar la colaboraci\u00f3n y comunicaci\u00f3n de los intelectuales sirios con su madre patria.<\/p>\n<p style=\"text-align: justify;\">Las dos reuniones tambi\u00e9n abordaron c\u00f3mo presentar y comercializar el producto cultural sirio a nivel regional y mundial utilizando plataformas digitales y el uso de la comunicaci\u00f3n virtual para salvar distancias y beneficiarse de las experiencias de los sirios residentes en el exterior.<\/p>\n<p style=\"text-align: justify;\">fm<\/p>\n","protected":false},"excerpt":{"rendered":"<p>Damasco, 06 feb (SANA)\u00a0\u00a0 El desarrollo de m\u00e9todos de exhibici\u00f3n en los museos que albergan antig\u00fcedades sirios y la organizaci\u00f3n de una exhibici\u00f3n de estas antig\u00fcedades en el Museo del Louvre en Abu Dabi centraron las conversaciones sostenidas entre la ministra de Cultura, Lubana Mashawah, con la administraci\u00f3n del referido Museo. El encuentro que se &hellip;<\/p>\n","protected":false},"author":34,"featured_media":217261,"comment_status":"closed","ping_status":"closed","sticky":false,"template":"","format":"standard","meta":{"footnotes":""},"categories":[447,477,597,510,476,515,457,7541],"tags":[],"class_list":["post-217260","post","type-post","status-publish","format-standard","has-post-thumbnail","","category-local-politica","category-noticias-edulcorantes","category-cinta-de-noticias","category-arte-y-cultura","category-locales","category-noticias-arte-y-cultura","category-noticias-arabe-internacional-politica","category-ultimas-noticias"],"_links":{"self":[{"href":"https:\/\/archive.sana.sy\/es\/index.php?rest_route=\/wp\/v2\/posts\/217260"}],"collection":[{"href":"https:\/\/archive.sana.sy\/es\/index.php?rest_route=\/wp\/v2\/posts"}],"about":[{"href":"https:\/\/archive.sana.sy\/es\/index.php?rest_route=\/wp\/v2\/types\/post"}],"author":[{"embeddable":true,"href":"https:\/\/archive.sana.sy\/es\/index.php?rest_route=\/wp\/v2\/users\/34"}],"replies":[{"embeddable":true,"href":"https:\/\/archive.sana.sy\/es\/index.php?rest_route=%2Fwp%2Fv2%2Fcomments&post=217260"}],"version-history":[{"count":0,"href":"https:\/\/archive.sana.sy\/es\/index.php?rest_route=\/wp\/v2\/posts\/217260\/revisions"}],"wp:featuredmedia":[{"embeddable":true,"href":"https:\/\/archive.sana.sy\/es\/index.php?rest_route=\/wp\/v2\/media\/217261"}],"wp:attachment":[{"href":"https:\/\/archive.sana.sy\/es\/index.php?rest_route=%2Fwp%2Fv2%2Fmedia&parent=217260"}],"wp:term":[{"taxonomy":"category","embeddable":true,"href":"https:\/\/archive.sana.sy\/es\/index.php?rest_route=%2Fwp%2Fv2%2Fcategories&post=217260"},{"taxonomy":"post_tag","embeddable":true,"href":"https:\/\/archive.sana.sy\/es\/index.php?rest_route=%2Fwp%2Fv2%2Ftags&post=217260"}],"curies":[{"name":"wp","href":"https:\/\/api.w.org\/{rel}","templated":true}]}}