{"id":217424,"date":"2022-02-07T16:45:07","date_gmt":"2022-02-07T14:45:07","guid":{"rendered":"http:\/\/107.6.182.27\/es\/?p=217424"},"modified":"2023-01-10T16:38:51","modified_gmt":"2023-01-10T14:38:51","slug":"agresiones-israelies-dejan-a-varios-palestinos-heridos","status":"publish","type":"post","link":"https:\/\/archive.sana.sy\/es\/?p=217424","title":{"rendered":"Agresiones israel\u00edes dejan a varios palestinos heridos"},"content":{"rendered":"<p style=\"text-align: justify;\"><span style=\"color: #800000;\"><strong>Jerusal\u00e9n ocupada, 7 feb (SANA)<\/strong><\/span> Varios palestinos resultaron heridos este lunes como resultado del ataque de las fuerzas de ocupaci\u00f3n israel\u00edes llevados a cabo en la ciudad ocupada de Jerusal\u00e9n.<\/p>\n<p style=\"text-align: justify;\">De acuerdo con la agencia de prensa palestina &#8220;WAFA&#8221;, las fuerzas de ocupaci\u00f3n asaltaron la localidad de Kafr Aqab, al norte de Jerusal\u00e9n, y atacaron a los palestinos disparando balas y bombas de gas venenoso.<\/p>\n<p style=\"text-align: justify;\">El pasado domingo, decenas de palestinos resultaron heridos a cuando las fuerzas de ocupaci\u00f3n reprimieron una manifestaci\u00f3n contra los asentamientos en la aldea de Kafr Qaddoum, al este de Qalqilya en Cisjordania.<\/p>\n<p><em>mm<\/em><\/p>\n","protected":false},"excerpt":{"rendered":"<p>Jerusal\u00e9n ocupada, 7 feb (SANA) Varios palestinos resultaron heridos este lunes como resultado del ataque de las fuerzas de ocupaci\u00f3n israel\u00edes llevados a cabo en la ciudad ocupada de Jerusal\u00e9n. De acuerdo con la agencia de prensa palestina &#8220;WAFA&#8221;, las fuerzas de ocupaci\u00f3n asaltaron la localidad de Kafr Aqab, al norte de Jerusal\u00e9n, y atacaron &hellip;<\/p>\n","protected":false},"author":36,"featured_media":217425,"comment_status":"closed","ping_status":"closed","sticky":false,"template":"","format":"standard","meta":{"footnotes":""},"categories":[597,456,457],"tags":[],"class_list":["post-217424","post","type-post","status-publish","format-standard","has-post-thumbnail","","category-cinta-de-noticias","category-arabe-internacional-politica","category-noticias-arabe-internacional-politica"],"_links":{"self":[{"href":"https:\/\/archive.sana.sy\/es\/index.php?rest_route=\/wp\/v2\/posts\/217424"}],"collection":[{"href":"https:\/\/archive.sana.sy\/es\/index.php?rest_route=\/wp\/v2\/posts"}],"about":[{"href":"https:\/\/archive.sana.sy\/es\/index.php?rest_route=\/wp\/v2\/types\/post"}],"author":[{"embeddable":true,"href":"https:\/\/archive.sana.sy\/es\/index.php?rest_route=\/wp\/v2\/users\/36"}],"replies":[{"embeddable":true,"href":"https:\/\/archive.sana.sy\/es\/index.php?rest_route=%2Fwp%2Fv2%2Fcomments&post=217424"}],"version-history":[{"count":0,"href":"https:\/\/archive.sana.sy\/es\/index.php?rest_route=\/wp\/v2\/posts\/217424\/revisions"}],"wp:featuredmedia":[{"embeddable":true,"href":"https:\/\/archive.sana.sy\/es\/index.php?rest_route=\/wp\/v2\/media\/217425"}],"wp:attachment":[{"href":"https:\/\/archive.sana.sy\/es\/index.php?rest_route=%2Fwp%2Fv2%2Fmedia&parent=217424"}],"wp:term":[{"taxonomy":"category","embeddable":true,"href":"https:\/\/archive.sana.sy\/es\/index.php?rest_route=%2Fwp%2Fv2%2Fcategories&post=217424"},{"taxonomy":"post_tag","embeddable":true,"href":"https:\/\/archive.sana.sy\/es\/index.php?rest_route=%2Fwp%2Fv2%2Ftags&post=217424"}],"curies":[{"name":"wp","href":"https:\/\/api.w.org\/{rel}","templated":true}]}}