{"id":217430,"date":"2022-02-07T18:40:57","date_gmt":"2022-02-07T16:40:57","guid":{"rendered":"http:\/\/107.6.182.27\/es\/?p=217430"},"modified":"2023-01-10T15:13:10","modified_gmt":"2023-01-10T13:13:10","slug":"primer-ministro-trabajamos-por-incrementar-los-pequenos-y-microproyectos-economicos","status":"publish","type":"post","link":"https:\/\/archive.sana.sy\/es\/?p=217430","title":{"rendered":"Primer Ministro: trabajamos por incrementar los peque\u00f1os y microproyectos econ\u00f3micos"},"content":{"rendered":"<p style=\"text-align: justify;\"><span style=\"color: #800000;\"><strong>Damasco, 07 feb (SANA)\u00a0 \u00a0<\/strong><\/span>El presidente del Consejo de Ministros, Hussein Arnous afirm\u00f3 que la Ley No. 8 sobre instituciones de microfinanzas tiene toda la flexibilidad necesaria y ha sido estudiada con el mayor positivismo posible para lograr el mayor beneficio social.<\/p>\n<p style=\"text-align: justify;\">Se\u00f1al\u00f3 que el gobierno est\u00e1 trabajando por contribuir a las instituciones de microfinanzas y aumentar los peque\u00f1os y micro proyectos brind\u00e1ndoles el apoyo necesario.<\/p>\n<p style=\"text-align: justify;\">En una intervenci\u00f3n durante la segunda sesi\u00f3n del Foro de Di\u00e1logo Econ\u00f3mico Sirio, Arnous aclar\u00f3 que la Ley de inversiones recibe gran atenci\u00f3n por parte del gobierno, y se ha fijado el \u00faltimo jueves de cada mes para debatir todos los proyectos y abordar sus problemas.<\/p>\n<p style=\"text-align: justify;\">El Primer Ministro destac\u00f3 el importante papel de las unidades administrativas en la determinaci\u00f3n de las necesidades de inversi\u00f3n de cada regi\u00f3n para dirigir hacia all\u00ed las peque\u00f1as y microempresas, de manera que contribuyan a asegurar las necesidades del mercado local.<\/p>\n<p style=\"text-align: justify;\">El jefe del Gabinete se\u00f1al\u00f3 que el decreto de formaci\u00f3n profesional, que se emiti\u00f3 recientemente, secundar\u00e1 los proyectos peque\u00f1os que necesita el pa\u00eds.<\/p>\n<p style=\"text-align: justify;\">En declaraciones a los periodistas, Arnous explic\u00f3 que el foro es una excelente oportunidad, sobre todo porque re\u00fane a funcionarios directos del sector estatal y actores del sector privado para presentar ideas y entablar una discusi\u00f3n transparente en aras de aportar el mayor beneficio a la econom\u00eda nacional.<\/p>\n<p style=\"text-align: justify;\"><em><strong>rsh\/ah<\/strong><\/em><\/p>\n","protected":false},"excerpt":{"rendered":"<p>Damasco, 07 feb (SANA)\u00a0 \u00a0El presidente del Consejo de Ministros, Hussein Arnous afirm\u00f3 que la Ley No. 8 sobre instituciones de microfinanzas tiene toda la flexibilidad necesaria y ha sido estudiada con el mayor positivismo posible para lograr el mayor beneficio social. Se\u00f1al\u00f3 que el gobierno est\u00e1 trabajando por contribuir a las instituciones de microfinanzas &hellip;<\/p>\n","protected":false},"author":30,"featured_media":217431,"comment_status":"closed","ping_status":"closed","sticky":false,"template":"","format":"standard","meta":{"footnotes":""},"categories":[597,16686,485,7541],"tags":[],"class_list":["post-217430","post","type-post","status-publish","format-standard","has-post-thumbnail","","category-cinta-de-noticias","category-economia","category-informes-negocios-y-finanzas","category-ultimas-noticias"],"_links":{"self":[{"href":"https:\/\/archive.sana.sy\/es\/index.php?rest_route=\/wp\/v2\/posts\/217430"}],"collection":[{"href":"https:\/\/archive.sana.sy\/es\/index.php?rest_route=\/wp\/v2\/posts"}],"about":[{"href":"https:\/\/archive.sana.sy\/es\/index.php?rest_route=\/wp\/v2\/types\/post"}],"author":[{"embeddable":true,"href":"https:\/\/archive.sana.sy\/es\/index.php?rest_route=\/wp\/v2\/users\/30"}],"replies":[{"embeddable":true,"href":"https:\/\/archive.sana.sy\/es\/index.php?rest_route=%2Fwp%2Fv2%2Fcomments&post=217430"}],"version-history":[{"count":0,"href":"https:\/\/archive.sana.sy\/es\/index.php?rest_route=\/wp\/v2\/posts\/217430\/revisions"}],"wp:featuredmedia":[{"embeddable":true,"href":"https:\/\/archive.sana.sy\/es\/index.php?rest_route=\/wp\/v2\/media\/217431"}],"wp:attachment":[{"href":"https:\/\/archive.sana.sy\/es\/index.php?rest_route=%2Fwp%2Fv2%2Fmedia&parent=217430"}],"wp:term":[{"taxonomy":"category","embeddable":true,"href":"https:\/\/archive.sana.sy\/es\/index.php?rest_route=%2Fwp%2Fv2%2Fcategories&post=217430"},{"taxonomy":"post_tag","embeddable":true,"href":"https:\/\/archive.sana.sy\/es\/index.php?rest_route=%2Fwp%2Fv2%2Ftags&post=217430"}],"curies":[{"name":"wp","href":"https:\/\/api.w.org\/{rel}","templated":true}]}}