{"id":21760,"date":"2015-04-22T15:15:44","date_gmt":"2015-04-22T12:15:44","guid":{"rendered":"http:\/\/www.sana.sy\/es\/?p=21760"},"modified":"2015-04-22T16:14:16","modified_gmt":"2015-04-22T13:14:16","slug":"lavrov-rusia-no-ha-permitido-la-intervencion-militar-en-siria","status":"publish","type":"post","link":"https:\/\/archive.sana.sy\/es\/?p=21760","title":{"rendered":"Lavrov: Rusia no permiti\u00f3 la intervenci\u00f3n militar en Siria"},"content":{"rendered":"<p><span style=\"color: #800000\">Mosc\u00fa, SANA<\/span><\/p>\n<p>El canciller ruso, Sergu\u00e9i Lavrov se\u00f1al\u00f3 que la lucha contra el terrorismo debe ser un proceso sistem\u00e1tico lejos de la pol\u00edtica de doble rasero.<\/p>\n<p>Durante una entrevista concedida a tres radios rusos sobre los m\u00e1s importantes acontecimientos a nivel internacional, el jefe de la diplomacia rusa critic\u00f3 que EEUU \u201cno quiere admitir que el Estado Isl\u00e1mico ha aparecido como resultado de sus propias acciones\u201d,considerando que esta organizaci\u00f3n terrorista es el enemigo principal de Rusia .<\/p>\n<p>En cuanto al expediente sirio, el Canciller ruso hizo hincapi\u00e9 en que su pa\u00eds no ha permitido ninguna intervenci\u00f3n militar en Siria, agregando que el Gobierno ruso plante\u00f3 una iniciativa sobre el di\u00e1logo intersirio, lo cual ha permitido que la ONU trabaje de forma m\u00e1s activa al respecto.<\/p>\n<p>Lynn A.<\/p>\n","protected":false},"excerpt":{"rendered":"<p>Mosc\u00fa, SANA El canciller ruso, Sergu\u00e9i Lavrov se\u00f1al\u00f3 que la lucha contra el terrorismo debe ser un proceso sistem\u00e1tico lejos de la pol\u00edtica de doble rasero. Durante una entrevista concedida a tres radios rusos sobre los m\u00e1s importantes acontecimientos a nivel internacional, el jefe de la diplomacia rusa critic\u00f3 que EEUU \u201cno quiere admitir que &hellip;<\/p>\n","protected":false},"author":24,"featured_media":20825,"comment_status":"closed","ping_status":"closed","sticky":false,"template":"","format":"standard","meta":{"footnotes":""},"categories":[456,457,576],"tags":[4963],"class_list":["post-21760","post","type-post","status-publish","format-standard","has-post-thumbnail","","category-arabe-internacional-politica","category-noticias-arabe-internacional-politica","category-noticias-politicas","tag-lavrov-rusia-no-ha-permitido-la-intervencion-militar-en-siria"],"_links":{"self":[{"href":"https:\/\/archive.sana.sy\/es\/index.php?rest_route=\/wp\/v2\/posts\/21760"}],"collection":[{"href":"https:\/\/archive.sana.sy\/es\/index.php?rest_route=\/wp\/v2\/posts"}],"about":[{"href":"https:\/\/archive.sana.sy\/es\/index.php?rest_route=\/wp\/v2\/types\/post"}],"author":[{"embeddable":true,"href":"https:\/\/archive.sana.sy\/es\/index.php?rest_route=\/wp\/v2\/users\/24"}],"replies":[{"embeddable":true,"href":"https:\/\/archive.sana.sy\/es\/index.php?rest_route=%2Fwp%2Fv2%2Fcomments&post=21760"}],"version-history":[{"count":0,"href":"https:\/\/archive.sana.sy\/es\/index.php?rest_route=\/wp\/v2\/posts\/21760\/revisions"}],"wp:featuredmedia":[{"embeddable":true,"href":"https:\/\/archive.sana.sy\/es\/index.php?rest_route=\/wp\/v2\/media\/20825"}],"wp:attachment":[{"href":"https:\/\/archive.sana.sy\/es\/index.php?rest_route=%2Fwp%2Fv2%2Fmedia&parent=21760"}],"wp:term":[{"taxonomy":"category","embeddable":true,"href":"https:\/\/archive.sana.sy\/es\/index.php?rest_route=%2Fwp%2Fv2%2Fcategories&post=21760"},{"taxonomy":"post_tag","embeddable":true,"href":"https:\/\/archive.sana.sy\/es\/index.php?rest_route=%2Fwp%2Fv2%2Ftags&post=21760"}],"curies":[{"name":"wp","href":"https:\/\/api.w.org\/{rel}","templated":true}]}}