{"id":21767,"date":"2015-04-22T15:58:03","date_gmt":"2015-04-22T12:58:03","guid":{"rendered":"http:\/\/www.sana.sy\/es\/?p=21767"},"modified":"2015-04-22T15:58:03","modified_gmt":"2015-04-22T12:58:03","slug":"el-vicecanciller-sirio-afirma-que-la-reunion-de-teheran-ha-asentado-las-bases-principales-para-vencer-el-terrorismo","status":"publish","type":"post","link":"https:\/\/archive.sana.sy\/es\/?p=21767","title":{"rendered":"El Vicecanciller sirio afirma que la reuni\u00f3n de Teher\u00e1n ha asentado las bases principales para vencer el terrorismo"},"content":{"rendered":"<p><span style=\"color: #800000\">Teher\u00e1n, SANA<\/span><\/p>\n<p>Siria, Ir\u00e1n e Irak han sostenido hoy mi\u00e9rcoles en Teher\u00e1n una reuni\u00f3n tripartida a nivel de sus vicecancilleres y asesores de cancilleres para debatir medios de reforzar las soluciones pol\u00edticas de las crisis en la regi\u00f3n, y de luchar contra el terrorismo.<\/p>\n<p>Los representantes de los tres pa\u00edses afirmaron que esta reuni\u00f3n preludiar\u00e1 una serie de reuniones encaminadas a reforzar la cooperaci\u00f3n y coordinaci\u00f3n entre sus pa\u00edses a fin de hacer frente a los peligros que corren los pueblos de la regi\u00f3n, sobre todo \u00e9l del terrorismo takfirista, se\u00f1alando que la invitaci\u00f3n a las mismas est\u00e1 dirigida a todos los pa\u00edses que desean cooperar en materia de la lucha contra el terrorismo.<\/p>\n<p>El representante de Siria, el vicecanciller, Dr. Faisal al-Mekdad acot\u00f3 en una palabra que el objetivo principal de esta reuni\u00f3n consiste en restaurar la seguridad y estabilidad a los pa\u00edses de la regi\u00f3n y el mundo a trav\u00e9s de la cooperaci\u00f3n entre Siria, Irak e Ir\u00e1n, especialmente en el \u00e1mbito de la lucha contra el terrorismo.<\/p>\n<p>Al-Mekdad elogi\u00f3 el papel de Ir\u00e1n en apoyo a los pueblos sirio e iraqu\u00ed frente al terrorismo, agregando que quien no se suma este papel \u201cconstructivo\u201d se equivocar\u00e1 mucho al momento de estimar la magnitud de los peligros que corren Siria e Irak debido al terrorismo y la injerencia extranjera en sus asuntos.<\/p>\n<p>El Vicecanciller sirio aclar\u00f3 que la invitaci\u00f3n iran\u00ed a la lucha contra el terrorismo no se limite en tres pa\u00edses sino que incluir\u00e1 a todas las partes que quieren formar parte de este proceso, denunciando que algunos pa\u00edses alegan luchar contra los terroristas y les brindan al mismo tiempo apoyo financiero y armament\u00edstico para matar a los inocentes.<br \/>\nAsimismo a\u00f1adi\u00f3 que la reuni\u00f3n de Teher\u00e1n asentar\u00e1 las bases principales de una continua acci\u00f3n contra los intentos las organizaciones terroristas.<\/p>\n<p>\u201cNos dirigimos a todos los pa\u00edses del mundo para confirmarles que estamos con cualquier esfuerzo internacional encaminado contra el terrorismo, y abogamos por la ejecuci\u00f3n directa de las resoluciones del Consejo de Seguridad relativos al terrorismo\u201d, acot\u00f3 el Vicecanciller sirio.<\/p>\n<p>En este sentido, al-Mekdad exigi\u00f3 a la ONU que cumplan con estas resoluciones y no solamente plantearlas como opiniones.<\/p>\n<p>En otro contexto, al-Mekdad elogi\u00f3 el papel desempe\u00f1ado por Ir\u00e1n para poner fin a la guerra contra Yemen.<\/p>\n<p>Por su parte, el vicecanciller iran\u00ed, Hossein Amir Abdullahian destac\u00f3 la importancia de esta reuni\u00f3n tripartida en adoptar influyentes medidas en materia de la lucha contra el terrorismo y el fortalecimiento de los cursos pol\u00edticos en la regi\u00f3n.<\/p>\n<p>El asesor del canciller iranqu\u00ed, Nizar al-Kheirallah destac\u00f3 la necesidad de empe\u00f1ar serios esfuerzos a la hora de luchar contra el terrorismo en Siria e Irak.<\/p>\n<p>Asimismo recalc\u00f3 el apoyo de su pa\u00eds a la soberan\u00eda e integridad territorial de Siria, as\u00ed como a cualquier iniciativa pol\u00edtica que ayude a resolver su crisis.<\/p>\n<p>Es de se\u00f1alar que Teher\u00e1n acogi\u00f3 ayer una reuni\u00f3n entre Siria, Suiza e Ir\u00e1n, sobre los medios de fortalecer la asistencia humanitaria al pueblo sirio.<\/p>\n<p>&nbsp;<\/p>\n<p>Lynn A.<\/p>\n","protected":false},"excerpt":{"rendered":"<p>Teher\u00e1n, SANA Siria, Ir\u00e1n e Irak han sostenido hoy mi\u00e9rcoles en Teher\u00e1n una reuni\u00f3n tripartida a nivel de sus vicecancilleres y asesores de cancilleres para debatir medios de reforzar las soluciones pol\u00edticas de las crisis en la regi\u00f3n, y de luchar contra el terrorismo. Los representantes de los tres pa\u00edses afirmaron que esta reuni\u00f3n preludiar\u00e1 &hellip;<\/p>\n","protected":false},"author":24,"featured_media":21768,"comment_status":"closed","ping_status":"closed","sticky":false,"template":"","format":"standard","meta":{"footnotes":""},"categories":[597,456,457,576],"tags":[4966],"class_list":["post-21767","post","type-post","status-publish","format-standard","has-post-thumbnail","","category-cinta-de-noticias","category-arabe-internacional-politica","category-noticias-arabe-internacional-politica","category-noticias-politicas","tag-el-vicecanciller-sirio-afirma-que-la-reunion-de-teheran-ha-asentado-las-bases-principales-para-vencer-el-terrorismo"],"_links":{"self":[{"href":"https:\/\/archive.sana.sy\/es\/index.php?rest_route=\/wp\/v2\/posts\/21767"}],"collection":[{"href":"https:\/\/archive.sana.sy\/es\/index.php?rest_route=\/wp\/v2\/posts"}],"about":[{"href":"https:\/\/archive.sana.sy\/es\/index.php?rest_route=\/wp\/v2\/types\/post"}],"author":[{"embeddable":true,"href":"https:\/\/archive.sana.sy\/es\/index.php?rest_route=\/wp\/v2\/users\/24"}],"replies":[{"embeddable":true,"href":"https:\/\/archive.sana.sy\/es\/index.php?rest_route=%2Fwp%2Fv2%2Fcomments&post=21767"}],"version-history":[{"count":0,"href":"https:\/\/archive.sana.sy\/es\/index.php?rest_route=\/wp\/v2\/posts\/21767\/revisions"}],"wp:featuredmedia":[{"embeddable":true,"href":"https:\/\/archive.sana.sy\/es\/index.php?rest_route=\/wp\/v2\/media\/21768"}],"wp:attachment":[{"href":"https:\/\/archive.sana.sy\/es\/index.php?rest_route=%2Fwp%2Fv2%2Fmedia&parent=21767"}],"wp:term":[{"taxonomy":"category","embeddable":true,"href":"https:\/\/archive.sana.sy\/es\/index.php?rest_route=%2Fwp%2Fv2%2Fcategories&post=21767"},{"taxonomy":"post_tag","embeddable":true,"href":"https:\/\/archive.sana.sy\/es\/index.php?rest_route=%2Fwp%2Fv2%2Ftags&post=21767"}],"curies":[{"name":"wp","href":"https:\/\/api.w.org\/{rel}","templated":true}]}}