{"id":21777,"date":"2015-04-22T16:50:01","date_gmt":"2015-04-22T13:50:01","guid":{"rendered":"http:\/\/www.sana.sy\/es\/?p=21777"},"modified":"2015-04-22T16:50:01","modified_gmt":"2015-04-22T13:50:01","slug":"foro-popular-palestino-ratifica-su-apoyo-a-siria-frente-a-la-conspiracion-sionista-estadounidense","status":"publish","type":"post","link":"https:\/\/archive.sana.sy\/es\/?p=21777","title":{"rendered":"Foro Popular Palestino ratifica su apoyo a Siria frente a la conspiraci\u00f3n sionista-estadounidense"},"content":{"rendered":"<p><span style=\"color: #800000\">Damasco, SANA<\/span><\/p>\n<p>Bajo el auspicio del Ministerio del Estado para Asuntos de Reconciliaci\u00f3n Nacional, se ha celebrado este mi\u00e9rcoles en Damasco el \u201cForo Popular Palestino\u201d para recalcar en el derecho de retorno de los palestinos y expresar el apoyo a Siria frente a la conspiraci\u00f3n sionista-estadounidense tramada en su contra.<\/p>\n<p>En una palabra pronunciada ante el Foro, el ministro del Estado para Asuntos de Reconciliaci\u00f3n Nacional, Ali Haidar destac\u00f3 que la causa palestina seguir\u00e1 siendo la causa principal para Siria, a\u00f1adiendo que no hay diferencia entre el terrorismo que est\u00e1 azotando a Siria o Palestina.<\/p>\n<p>El Ministro sirio recalc\u00f3 que los pueblos sirio y palestino tienen la misma causa y batalla, ya sea en Palestina ocupada o en Siria.<\/p>\n<p>A su vez, el subsecretario general del Frente Popular para la Liberaci\u00f3n de Palestina- la Direcci\u00f3n General- Talal Nayi denunci\u00f3 que el ente palestino est\u00e1 empleando todo su potencial para eliminar el derecho de retorno de los palestinos, enfatizando que este derecho es el n\u00facleo de la causa palestina y ha de aferrarse al mismo para lograr la victoria.<\/p>\n<p>Nayi aclar\u00f3 que Siria se ve blanco de una enorme conspiraci\u00f3n por sus posturas principistas en apoyo del pueblo palestino, agregando que los ataques librados por los terroristas contra los campamentos de los refugiados palestinos en este pa\u00eds, tienen como objetivo acabar con el derecho de estos palestinos de volver a su patria.<\/p>\n<p>Al concluir el acto, el Foro emiti\u00f3 una declaraci\u00f3n final en la que resalt\u00f3 la necesidad de unificar las posturas pol\u00edticas palestinas hacia Siria, as\u00ed como rechazar las posturas negativas que perjudican la causa palestina.<\/p>\n<p>Asimismo denunci\u00f3 las vacilantes posturas de algunas facciones palestinas y su autodistanciamiento de su papel en la batalla nacional que libra Siria frente contra el proyecto colonial en la naci\u00f3n \u00e1rabe.<\/p>\n<p>Lynn A.<\/p>\n","protected":false},"excerpt":{"rendered":"<p>Damasco, SANA Bajo el auspicio del Ministerio del Estado para Asuntos de Reconciliaci\u00f3n Nacional, se ha celebrado este mi\u00e9rcoles en Damasco el \u201cForo Popular Palestino\u201d para recalcar en el derecho de retorno de los palestinos y expresar el apoyo a Siria frente a la conspiraci\u00f3n sionista-estadounidense tramada en su contra. En una palabra pronunciada ante &hellip;<\/p>\n","protected":false},"author":24,"featured_media":21778,"comment_status":"closed","ping_status":"closed","sticky":false,"template":"","format":"standard","meta":{"footnotes":""},"categories":[477,476],"tags":[4967],"class_list":["post-21777","post","type-post","status-publish","format-standard","has-post-thumbnail","","category-noticias-edulcorantes","category-locales","tag-foro-popular-palestino-ratifica-su-apoyo-a-siria-frente-a-la-conspiracion-sionista-estadounidense"],"_links":{"self":[{"href":"https:\/\/archive.sana.sy\/es\/index.php?rest_route=\/wp\/v2\/posts\/21777"}],"collection":[{"href":"https:\/\/archive.sana.sy\/es\/index.php?rest_route=\/wp\/v2\/posts"}],"about":[{"href":"https:\/\/archive.sana.sy\/es\/index.php?rest_route=\/wp\/v2\/types\/post"}],"author":[{"embeddable":true,"href":"https:\/\/archive.sana.sy\/es\/index.php?rest_route=\/wp\/v2\/users\/24"}],"replies":[{"embeddable":true,"href":"https:\/\/archive.sana.sy\/es\/index.php?rest_route=%2Fwp%2Fv2%2Fcomments&post=21777"}],"version-history":[{"count":0,"href":"https:\/\/archive.sana.sy\/es\/index.php?rest_route=\/wp\/v2\/posts\/21777\/revisions"}],"wp:featuredmedia":[{"embeddable":true,"href":"https:\/\/archive.sana.sy\/es\/index.php?rest_route=\/wp\/v2\/media\/21778"}],"wp:attachment":[{"href":"https:\/\/archive.sana.sy\/es\/index.php?rest_route=%2Fwp%2Fv2%2Fmedia&parent=21777"}],"wp:term":[{"taxonomy":"category","embeddable":true,"href":"https:\/\/archive.sana.sy\/es\/index.php?rest_route=%2Fwp%2Fv2%2Fcategories&post=21777"},{"taxonomy":"post_tag","embeddable":true,"href":"https:\/\/archive.sana.sy\/es\/index.php?rest_route=%2Fwp%2Fv2%2Ftags&post=21777"}],"curies":[{"name":"wp","href":"https:\/\/api.w.org\/{rel}","templated":true}]}}