{"id":217779,"date":"2022-02-09T14:12:27","date_gmt":"2022-02-09T12:12:27","guid":{"rendered":"http:\/\/107.6.182.27\/es\/?p=217779"},"modified":"2023-01-09T14:04:18","modified_gmt":"2023-01-09T12:04:18","slug":"ingeniero-sirio-paralitico-crea-proyecto-para-ayudar-a-personas-con-discapacidad","status":"publish","type":"post","link":"https:\/\/archive.sana.sy\/es\/?p=217779","title":{"rendered":"Ingeniero sirio paral\u00edtico crea proyecto para ayudar a personas con discapacidad"},"content":{"rendered":"<p style=\"text-align: justify;\"><strong><span style=\"color: #800000;\">Homs, 09 feb (SANA)<\/span><\/strong>\u00a0 La discapacidad no impidi\u00f3 al joven sirio Radi Al-Sharfali, egresado de la Facultad de Ingenier\u00eda Inform\u00e1tica con especializaci\u00f3n en software y sistemas de informaci\u00f3n, de ejercer su especialidad y desde su silla de ruedas, logr\u00f3 establecer su propio proyecto t\u00e9cnico para atender a personas con discapacidad.<\/p>\n<p style=\"text-align: justify;\"><img loading=\"lazy\" decoding=\"async\" class=\"size-medium wp-image-217783 alignleft\" src=\"http:\/\/107.6.182.27\/es\/wp-content\/uploads\/2022\/02\/photo_2022-02-08_14-14-07-scaled-1-300x194.jpg\" alt=\"\" width=\"300\" height=\"194\" srcset=\"https:\/\/archive.sana.sy\/es\/wp-content\/uploads\/2022\/02\/photo_2022-02-08_14-14-07-scaled-1-300x194.jpg 300w, https:\/\/archive.sana.sy\/es\/wp-content\/uploads\/2022\/02\/photo_2022-02-08_14-14-07-scaled-1-1024x662.jpg 1024w, https:\/\/archive.sana.sy\/es\/wp-content\/uploads\/2022\/02\/photo_2022-02-08_14-14-07-scaled-1-150x97.jpg 150w, https:\/\/archive.sana.sy\/es\/wp-content\/uploads\/2022\/02\/photo_2022-02-08_14-14-07-scaled-1-768x497.jpg 768w, https:\/\/archive.sana.sy\/es\/wp-content\/uploads\/2022\/02\/photo_2022-02-08_14-14-07-scaled-1-1536x993.jpg 1536w, https:\/\/archive.sana.sy\/es\/wp-content\/uploads\/2022\/02\/photo_2022-02-08_14-14-07-scaled-1-2048x1324.jpg 2048w\" sizes=\"(max-width: 300px) 100vw, 300px\" \/><\/p>\n<p style=\"text-align: justify;\">Trabajo como dise\u00f1ador gr\u00e1fico para muchos productos comerciales, explic\u00f3 Al-Sharfali a SANA y agreg\u00f3 que &#8220;su proyecto fue aceptado y financiado por el Programa de las Naciones Unidas para el Desarrollo tras su participaci\u00f3n en septiembre pasado en la Start-Up marat\u00f3n de 128 otros proyectos de diferentes provincias.<\/p>\n<p style=\"text-align: justify;\">El proyecto se basa en una aplicaci\u00f3n llamada &#8220;Moeen&#8221; que atiende a tres tipos de discapacidades f\u00edsicas, visuales y auditivas.<\/p>\n<p style=\"text-align: justify;\">He creado un mapa de la ciudad de Homs que incluye todos los lugares, calles y plazas para determinar el destino deseado, lo que permite a la persona con discapacidad f\u00edsica realizar sus actividades de la vida diaria por s\u00ed mismas sin la ayuda de nadie&#8221;, detall\u00f3.<\/p>\n<p style=\"text-align: justify;\">En cuanto a las personas con discapacidad visual, pueden emitir comandos de voz, ya que la aplicaci\u00f3n convierte los textos en audio para ser le\u00eddos, mientras que las personas con discapacidad auditiva son atendidas en funci\u00f3n de la vista mediante la emisi\u00f3n de avisos que les advierten y les orientan a seguir los pasos correctos para alcanzar su destino.<\/p>\n<div id='gallery-1' class='gallery galleryid-217779 gallery-columns-1 gallery-size-full'><figure class='gallery-item'>\n\t\t\t<div class='gallery-icon landscape'>\n\t\t\t\t<a href='https:\/\/archive.sana.sy\/es\/?attachment_id=217784'><img loading=\"lazy\" decoding=\"async\" width=\"2560\" height=\"1708\" src=\"https:\/\/archive.sana.sy\/es\/wp-content\/uploads\/2022\/02\/photo_2022-02-08_14-14-10-scaled-1.jpg\" class=\"attachment-full size-full\" alt=\"\" srcset=\"https:\/\/archive.sana.sy\/es\/wp-content\/uploads\/2022\/02\/photo_2022-02-08_14-14-10-scaled-1.jpg 2560w, https:\/\/archive.sana.sy\/es\/wp-content\/uploads\/2022\/02\/photo_2022-02-08_14-14-10-scaled-1-300x200.jpg 300w, https:\/\/archive.sana.sy\/es\/wp-content\/uploads\/2022\/02\/photo_2022-02-08_14-14-10-scaled-1-1024x683.jpg 1024w, https:\/\/archive.sana.sy\/es\/wp-content\/uploads\/2022\/02\/photo_2022-02-08_14-14-10-scaled-1-150x100.jpg 150w, https:\/\/archive.sana.sy\/es\/wp-content\/uploads\/2022\/02\/photo_2022-02-08_14-14-10-scaled-1-768x512.jpg 768w, https:\/\/archive.sana.sy\/es\/wp-content\/uploads\/2022\/02\/photo_2022-02-08_14-14-10-scaled-1-1536x1025.jpg 1536w, https:\/\/archive.sana.sy\/es\/wp-content\/uploads\/2022\/02\/photo_2022-02-08_14-14-10-scaled-1-2048x1366.jpg 2048w\" sizes=\"(max-width: 2560px) 100vw, 2560px\" \/><\/a>\n\t\t\t<\/div><\/figure>\n\t\t<\/div>\n\n<p style=\"text-align: justify;\"><em>ws\/fm<\/em><\/p>\n","protected":false},"excerpt":{"rendered":"<p>Homs, 09 feb (SANA)\u00a0 La discapacidad no impidi\u00f3 al joven sirio Radi Al-Sharfali, egresado de la Facultad de Ingenier\u00eda Inform\u00e1tica con especializaci\u00f3n en software y sistemas de informaci\u00f3n, de ejercer su especialidad y desde su silla de ruedas, logr\u00f3 establecer su propio proyecto t\u00e9cnico para atender a personas con discapacidad. Trabajo como dise\u00f1ador gr\u00e1fico para &hellip;<\/p>\n","protected":false},"author":35,"featured_media":217780,"comment_status":"closed","ping_status":"closed","sticky":false,"template":"","format":"standard","meta":{"footnotes":""},"categories":[597,476,7541],"tags":[],"class_list":["post-217779","post","type-post","status-publish","format-standard","has-post-thumbnail","","category-cinta-de-noticias","category-locales","category-ultimas-noticias"],"_links":{"self":[{"href":"https:\/\/archive.sana.sy\/es\/index.php?rest_route=\/wp\/v2\/posts\/217779"}],"collection":[{"href":"https:\/\/archive.sana.sy\/es\/index.php?rest_route=\/wp\/v2\/posts"}],"about":[{"href":"https:\/\/archive.sana.sy\/es\/index.php?rest_route=\/wp\/v2\/types\/post"}],"author":[{"embeddable":true,"href":"https:\/\/archive.sana.sy\/es\/index.php?rest_route=\/wp\/v2\/users\/35"}],"replies":[{"embeddable":true,"href":"https:\/\/archive.sana.sy\/es\/index.php?rest_route=%2Fwp%2Fv2%2Fcomments&post=217779"}],"version-history":[{"count":0,"href":"https:\/\/archive.sana.sy\/es\/index.php?rest_route=\/wp\/v2\/posts\/217779\/revisions"}],"wp:featuredmedia":[{"embeddable":true,"href":"https:\/\/archive.sana.sy\/es\/index.php?rest_route=\/wp\/v2\/media\/217780"}],"wp:attachment":[{"href":"https:\/\/archive.sana.sy\/es\/index.php?rest_route=%2Fwp%2Fv2%2Fmedia&parent=217779"}],"wp:term":[{"taxonomy":"category","embeddable":true,"href":"https:\/\/archive.sana.sy\/es\/index.php?rest_route=%2Fwp%2Fv2%2Fcategories&post=217779"},{"taxonomy":"post_tag","embeddable":true,"href":"https:\/\/archive.sana.sy\/es\/index.php?rest_route=%2Fwp%2Fv2%2Ftags&post=217779"}],"curies":[{"name":"wp","href":"https:\/\/api.w.org\/{rel}","templated":true}]}}