{"id":217798,"date":"2022-02-09T17:04:52","date_gmt":"2022-02-09T15:04:52","guid":{"rendered":"http:\/\/107.6.182.27\/es\/?p=217798"},"modified":"2023-01-10T15:13:10","modified_gmt":"2023-01-10T13:13:10","slug":"siria-subsidia-la-electricidad-por-un-valor-equivalente-a-dos-mil-millones-de-usd","status":"publish","type":"post","link":"https:\/\/archive.sana.sy\/es\/?p=217798","title":{"rendered":"Siria subsidia la electricidad por un valor equivalente a dos mil millones de USD"},"content":{"rendered":"<p style=\"text-align: justify\"><span style=\"color: #800000\"><strong>Damasco, 08 feb (SANA)<\/strong><\/span> A pesar de todos los da\u00f1os que afectaron el sistema el\u00e9ctrico nacional por los ataques terroristas, el Gobierno sirio sigue subsidiando este servicio a los consumidores para usos dom\u00e9sticos, industriales y comerciales.<\/p>\n<p style=\"text-align: justify\">Fawaz al-Zaher, director general de la Compa\u00f1\u00eda estatal de Transmisi\u00f3n y Distribuci\u00f3n de Energ\u00eda El\u00e9ctrica, inform\u00f3 que el valor del subsidio a este sector super\u00f3 las 5 billones de libras sirias (equivalente a 2 mil millones de d\u00f3lares).<\/p>\n<p style=\"text-align: justify\">Al-Zaher indic\u00f3 que es verdad que el Ministerio elev\u00f3 las tarifas durante el \u00faltimo per\u00edodo, sin embargo, sigue subsidiando el uso dom\u00e9stico que representa el 70 % del consumo total.<\/p>\n<p style=\"text-align: justify\">Explic\u00f3 que los ciudadanos pagan entre 2 a 6 libras sirias por cada kilovatio-hora de consumo entre 1-1000 kilovatios, mientras que el 1 kW\u22c5h est\u00e1 costando al gobierno 315 libras sirias.<\/p>\n<p style=\"text-align: justify\">Habl\u00f3 de otro tipo de apoyo que brinda el gobierno a los ciudadanos a trav\u00e9s del Fondo de Apoyo a las Energ\u00edas Renovables que les facilita cr\u00e9ditos blandos sin intereses para invertir en el sector de energ\u00edas renovables, donde el Ministerio de Electricidad se encarga de los intereses de estos pr\u00e9stamos.<\/p>\n<p style=\"text-align: justify\">la\/fm<\/p>\n","protected":false},"excerpt":{"rendered":"<p>Damasco, 08 feb (SANA) A pesar de todos los da\u00f1os que afectaron el sistema el\u00e9ctrico nacional por los ataques terroristas, el Gobierno sirio sigue subsidiando este servicio a los consumidores para usos dom\u00e9sticos, industriales y comerciales. Fawaz al-Zaher, director general de la Compa\u00f1\u00eda estatal de Transmisi\u00f3n y Distribuci\u00f3n de Energ\u00eda El\u00e9ctrica, inform\u00f3 que el valor &hellip;<\/p>\n","protected":false},"author":24,"featured_media":217800,"comment_status":"closed","ping_status":"closed","sticky":false,"template":"","format":"standard","meta":{"footnotes":""},"categories":[447,597,16686,485,583],"tags":[],"class_list":["post-217798","post","type-post","status-publish","format-standard","has-post-thumbnail","","category-local-politica","category-cinta-de-noticias","category-economia","category-informes-negocios-y-finanzas","category-slide"],"_links":{"self":[{"href":"https:\/\/archive.sana.sy\/es\/index.php?rest_route=\/wp\/v2\/posts\/217798"}],"collection":[{"href":"https:\/\/archive.sana.sy\/es\/index.php?rest_route=\/wp\/v2\/posts"}],"about":[{"href":"https:\/\/archive.sana.sy\/es\/index.php?rest_route=\/wp\/v2\/types\/post"}],"author":[{"embeddable":true,"href":"https:\/\/archive.sana.sy\/es\/index.php?rest_route=\/wp\/v2\/users\/24"}],"replies":[{"embeddable":true,"href":"https:\/\/archive.sana.sy\/es\/index.php?rest_route=%2Fwp%2Fv2%2Fcomments&post=217798"}],"version-history":[{"count":0,"href":"https:\/\/archive.sana.sy\/es\/index.php?rest_route=\/wp\/v2\/posts\/217798\/revisions"}],"wp:featuredmedia":[{"embeddable":true,"href":"https:\/\/archive.sana.sy\/es\/index.php?rest_route=\/wp\/v2\/media\/217800"}],"wp:attachment":[{"href":"https:\/\/archive.sana.sy\/es\/index.php?rest_route=%2Fwp%2Fv2%2Fmedia&parent=217798"}],"wp:term":[{"taxonomy":"category","embeddable":true,"href":"https:\/\/archive.sana.sy\/es\/index.php?rest_route=%2Fwp%2Fv2%2Fcategories&post=217798"},{"taxonomy":"post_tag","embeddable":true,"href":"https:\/\/archive.sana.sy\/es\/index.php?rest_route=%2Fwp%2Fv2%2Ftags&post=217798"}],"curies":[{"name":"wp","href":"https:\/\/api.w.org\/{rel}","templated":true}]}}