{"id":21780,"date":"2015-04-22T16:01:56","date_gmt":"2015-04-22T13:01:56","guid":{"rendered":"http:\/\/www.sana.sy\/es\/?p=21780"},"modified":"2015-04-22T16:52:19","modified_gmt":"2015-04-22T13:52:19","slug":"el-presidente-del-consejo-de-shura-irani-reitera-durante-su-reunion-con-el-vicecanciller-sirio-el-apoyo-ilimitado-de-su-pais-a-siria-tanto-pueblo-como-gobierno-frente-al-terrorismo","status":"publish","type":"post","link":"https:\/\/archive.sana.sy\/es\/?p=21780","title":{"rendered":"El Presidente del Consejo de Shura iran\u00ed reitera durante su reuni\u00f3n con el Vicecanciller sirio el apoyo ilimitado de su pa\u00eds a Siria, tanto pueblo como Gobierno, frente al terrorismo"},"content":{"rendered":"","protected":false},"excerpt":{"rendered":"","protected":false},"author":24,"featured_media":0,"comment_status":"closed","ping_status":"closed","sticky":false,"template":"","format":"standard","meta":{"footnotes":""},"categories":[1],"tags":[],"class_list":["post-21780","post","type-post","status-publish","format-standard","","category-news-not-sorted"],"_links":{"self":[{"href":"https:\/\/archive.sana.sy\/es\/index.php?rest_route=\/wp\/v2\/posts\/21780"}],"collection":[{"href":"https:\/\/archive.sana.sy\/es\/index.php?rest_route=\/wp\/v2\/posts"}],"about":[{"href":"https:\/\/archive.sana.sy\/es\/index.php?rest_route=\/wp\/v2\/types\/post"}],"author":[{"embeddable":true,"href":"https:\/\/archive.sana.sy\/es\/index.php?rest_route=\/wp\/v2\/users\/24"}],"replies":[{"embeddable":true,"href":"https:\/\/archive.sana.sy\/es\/index.php?rest_route=%2Fwp%2Fv2%2Fcomments&post=21780"}],"version-history":[{"count":0,"href":"https:\/\/archive.sana.sy\/es\/index.php?rest_route=\/wp\/v2\/posts\/21780\/revisions"}],"wp:attachment":[{"href":"https:\/\/archive.sana.sy\/es\/index.php?rest_route=%2Fwp%2Fv2%2Fmedia&parent=21780"}],"wp:term":[{"taxonomy":"category","embeddable":true,"href":"https:\/\/archive.sana.sy\/es\/index.php?rest_route=%2Fwp%2Fv2%2Fcategories&post=21780"},{"taxonomy":"post_tag","embeddable":true,"href":"https:\/\/archive.sana.sy\/es\/index.php?rest_route=%2Fwp%2Fv2%2Ftags&post=21780"}],"curies":[{"name":"wp","href":"https:\/\/api.w.org\/{rel}","templated":true}]}}