{"id":21783,"date":"2015-04-22T17:17:29","date_gmt":"2015-04-22T14:17:29","guid":{"rendered":"http:\/\/www.sana.sy\/es\/?p=21783"},"modified":"2023-01-10T15:29:10","modified_gmt":"2023-01-10T13:29:10","slug":"siria-y-sudafrica-debaten-la-cooperacion-en-el-ambito-de-la-reconstruccion","status":"publish","type":"post","link":"https:\/\/archive.sana.sy\/es\/?p=21783","title":{"rendered":"Siria y Sud\u00e1frica debaten la cooperaci\u00f3n en el \u00e1mbito de la reconstrucci\u00f3n"},"content":{"rendered":"<p><span style=\"color: #800000\">Damasco, SANA<\/span><\/p>\n<p>El ministro de Obras P\u00fablicas, Hossein Arnous examin\u00f3 hoy\u00a0mi\u00e9rcoles con una delegaci\u00f3n sudafricana integrada de actores econ\u00f3micos\u00a0y directores de compa\u00f1\u00edas, las relaciones de cooperaci\u00f3n entre ambos pa\u00edses en el \u00e1mbito de construcci\u00f3n.<\/p>\n<p>El ministro Arnous se\u00f1al\u00f3 a la delegaci\u00f3n que el Ministerio necesita 10 mil m\u00e1quinas en los pr\u00f3ximos a\u00f1os, entre ellos 650 maquinarias de car\u00e1cter\u00a0urgente.<\/p>\n<p>Asimismo hizo una panor\u00e1mica sobre la destrucci\u00f3n que ha sufrido la infraestructura de Siria debido a los actos terroristas, ratificando el compromiso de Siria de pagar todas sus deudas.<\/p>\n<p>De igual manera, el titular de las Obras P\u00fablicas apreci\u00f3 a Sud\u00e1frica sus posturas hacia Siria.<\/p>\n<p>A su vez, el embajador sudafricano en Damasco, Shaun Byneveldt manifest\u00f3 la disposici\u00f3n de su pa\u00eds de formar parte del proceso de reconstrucci\u00f3n de Siria.<\/p>\n<p>&nbsp;<\/p>\n<p>Lynn A.<\/p>\n","protected":false},"excerpt":{"rendered":"<p>Damasco, SANA El ministro de Obras P\u00fablicas, Hossein Arnous examin\u00f3 hoy\u00a0mi\u00e9rcoles con una delegaci\u00f3n sudafricana integrada de actores econ\u00f3micos\u00a0y directores de compa\u00f1\u00edas, las relaciones de cooperaci\u00f3n entre ambos pa\u00edses en el \u00e1mbito de construcci\u00f3n. El ministro Arnous se\u00f1al\u00f3 a la delegaci\u00f3n que el Ministerio necesita 10 mil m\u00e1quinas en los pr\u00f3ximos a\u00f1os, entre ellos 650 &hellip;<\/p>\n","protected":false},"author":24,"featured_media":21784,"comment_status":"closed","ping_status":"closed","sticky":false,"template":"","format":"standard","meta":{"footnotes":""},"categories":[447,485],"tags":[4968],"class_list":["post-21783","post","type-post","status-publish","format-standard","has-post-thumbnail","","category-local-politica","category-informes-negocios-y-finanzas","tag-siria-y-sudafrica-debaten-la-cooperacion-en-el-ambito-de-la-reconstruccion"],"_links":{"self":[{"href":"https:\/\/archive.sana.sy\/es\/index.php?rest_route=\/wp\/v2\/posts\/21783"}],"collection":[{"href":"https:\/\/archive.sana.sy\/es\/index.php?rest_route=\/wp\/v2\/posts"}],"about":[{"href":"https:\/\/archive.sana.sy\/es\/index.php?rest_route=\/wp\/v2\/types\/post"}],"author":[{"embeddable":true,"href":"https:\/\/archive.sana.sy\/es\/index.php?rest_route=\/wp\/v2\/users\/24"}],"replies":[{"embeddable":true,"href":"https:\/\/archive.sana.sy\/es\/index.php?rest_route=%2Fwp%2Fv2%2Fcomments&post=21783"}],"version-history":[{"count":0,"href":"https:\/\/archive.sana.sy\/es\/index.php?rest_route=\/wp\/v2\/posts\/21783\/revisions"}],"wp:featuredmedia":[{"embeddable":true,"href":"https:\/\/archive.sana.sy\/es\/index.php?rest_route=\/wp\/v2\/media\/21784"}],"wp:attachment":[{"href":"https:\/\/archive.sana.sy\/es\/index.php?rest_route=%2Fwp%2Fv2%2Fmedia&parent=21783"}],"wp:term":[{"taxonomy":"category","embeddable":true,"href":"https:\/\/archive.sana.sy\/es\/index.php?rest_route=%2Fwp%2Fv2%2Fcategories&post=21783"},{"taxonomy":"post_tag","embeddable":true,"href":"https:\/\/archive.sana.sy\/es\/index.php?rest_route=%2Fwp%2Fv2%2Ftags&post=21783"}],"curies":[{"name":"wp","href":"https:\/\/api.w.org\/{rel}","templated":true}]}}