{"id":21793,"date":"2015-04-22T22:42:32","date_gmt":"2015-04-22T19:42:32","guid":{"rendered":"http:\/\/www.sana.sy\/es\/?p=21793"},"modified":"2015-04-22T22:42:32","modified_gmt":"2015-04-22T19:42:32","slug":"iran-reitera-el-apoyo-ilimitado-de-su-pais-a-siria-en-tanto-pueblo-como-gobierno","status":"publish","type":"post","link":"https:\/\/archive.sana.sy\/es\/?p=21793","title":{"rendered":"Ir\u00e1n reitera el apoyo ilimitado de su pa\u00eds a Siria, en tanto pueblo como Gobierno"},"content":{"rendered":"<p><span style=\"color: #0000ff\">Teher\u00e1n-SANA<\/span><\/p>\n<p style=\"text-align: justify\">El viceministro, Dr. Faisal al-Mekdad ha examinado con El secretario del Consejo Supremo de Seguridad Nacional de Ir\u00e1n, Ali Shamjani, las v\u00edas de fortalecer los lazos estrat\u00e9gicos entre Siria e Ir\u00e1n, y la resistencia del pueblo sirio en su lucha contra el terrorismo, y el embargo impuesto a \u00e9l por los enemigos de Siria.<\/p>\n<p style=\"text-align: justify\">Al-Mekdad elogi\u00f3 el papel de Ir\u00e1n en apoyo al pueblo sirio frente al terrorismo, agregando que quien no se suma a este papel \u201cconstructivo\u201d se equivocar\u00e1 mucho al momento de estimar la magnitud de los peligros que corre Siria debido al terrorismo y la injerencia extranjera en sus asuntos.<\/p>\n<p style=\"text-align: justify\">Al-Meqdad, a su vez, ha expuesto un informe sobre los \u00faltimos acontecimientos en Siria y los di\u00e1logos para llegar a una soluci\u00f3n pol\u00edtica a la crisis y, en este sentido, ha insistido en la necesidad de cerrar cualquier v\u00eda de suministro financiero, armament\u00edstico y de Inteligencia a los terroristas en Siria.<\/p>\n<p style=\"text-align: justify\">De hecho, ha pedido a los pa\u00edses vecinos de Siria que financian a los terroristas que adopten medidas coherentes para controlar sus fronteras, con el fin de evitar el flujo de armas y el ingreso de terroristas a Siria.<\/p>\n<p style=\"text-align: justify\">El secretario del Consejo Supremo de Seguridad Nacional de Ir\u00e1n, Ali Shamjani, ha destacado la importancia del di\u00e1logo nacional sirio para resolver su crisis.<\/p>\n<p style=\"text-align: justify\">\u201cEl di\u00e1logo nacional entre sirios es la \u00fanica soluci\u00f3n a las crisis pol\u00edtica y de seguridad que padece actualmente la regi\u00f3n de Oriente Medio\u201d, ha declarado Shamjani en una reuni\u00f3n con el vicecanciller sirio, Faisal al-Meqdad, en la capitalina ciudad de Teher\u00e1n.<\/p>\n<p style=\"text-align: justify\">A juicio de Shamjani, afirm\u00f3 que la \u00fanica soluci\u00f3n para establecer una seguridad duradera en Oriente Medio es cumplir con la voluntad de los pueblos.<\/p>\n<p style=\"text-align: justify\">En alusi\u00f3n al entrenamiento de nuevos grupos terroristas por parte de EE.UU. para ingresar en suelo sirio, ha considerado que este tipo de medidas va en contra de los reglamentos internacionales.<\/p>\n<p style=\"text-align: justify\">&#8220;Los elementos terroristas extranjeros retornar\u00e1n a sus pa\u00edses de origen, tal y como lo han hecho hasta ahora, y el resultado ser\u00e1 devastador para sus pa\u00edses\u201d, ha subrayado.<\/p>\n<p style=\"text-align: justify\">En paralelo, El Presidente del Consejo de Shura iran\u00ed Ali Lariyani, ha reiterado durante su reuni\u00f3n con el vicecanciller sirio el apoyo ilimitado de su pa\u00eds a Siria, tanto pueblo como Gobierno, frente al terrorismo; \u201cNosotros en Ir\u00e1n apreciamos altamente los sacrificios ofrecido por el pueblo sirio en la lucha contra el terrorismo\u201d dijo Ali Lariyani.<\/p>\n<p style=\"text-align: justify\">Al-Meqdad lleg\u00f3 el lunes a Teher\u00e1n en el marco de una visita oficial para reunirse con las autoridades iran\u00edes y abordar asuntos de inter\u00e9s bilateral y los \u00faltimos acontecimientos en Oriente Medio.<\/p>\n<p style=\"text-align: justify\"><span style=\"color: #800000\">M.Miri, Riad.Sh<\/span><\/p>\n","protected":false},"excerpt":{"rendered":"<p>Teher\u00e1n-SANA El viceministro, Dr. Faisal al-Mekdad ha examinado con El secretario del Consejo Supremo de Seguridad Nacional de Ir\u00e1n, Ali Shamjani, las v\u00edas de fortalecer los lazos estrat\u00e9gicos entre Siria e Ir\u00e1n, y la resistencia del pueblo sirio en su lucha contra el terrorismo, y el embargo impuesto a \u00e9l por los enemigos de Siria. &hellip;<\/p>\n","protected":false},"author":1,"featured_media":21794,"comment_status":"closed","ping_status":"closed","sticky":false,"template":"","format":"standard","meta":{"footnotes":""},"categories":[597,456,457,576],"tags":[4972,4971],"class_list":["post-21793","post","type-post","status-publish","format-standard","has-post-thumbnail","","category-cinta-de-noticias","category-arabe-internacional-politica","category-noticias-arabe-internacional-politica","category-noticias-politicas","tag-en-tanto-pueblo-como-gobierno","tag-iran-reitera-el-apoyo-ilimitado-de-su-pais-a-siria"],"_links":{"self":[{"href":"https:\/\/archive.sana.sy\/es\/index.php?rest_route=\/wp\/v2\/posts\/21793"}],"collection":[{"href":"https:\/\/archive.sana.sy\/es\/index.php?rest_route=\/wp\/v2\/posts"}],"about":[{"href":"https:\/\/archive.sana.sy\/es\/index.php?rest_route=\/wp\/v2\/types\/post"}],"author":[{"embeddable":true,"href":"https:\/\/archive.sana.sy\/es\/index.php?rest_route=\/wp\/v2\/users\/1"}],"replies":[{"embeddable":true,"href":"https:\/\/archive.sana.sy\/es\/index.php?rest_route=%2Fwp%2Fv2%2Fcomments&post=21793"}],"version-history":[{"count":0,"href":"https:\/\/archive.sana.sy\/es\/index.php?rest_route=\/wp\/v2\/posts\/21793\/revisions"}],"wp:featuredmedia":[{"embeddable":true,"href":"https:\/\/archive.sana.sy\/es\/index.php?rest_route=\/wp\/v2\/media\/21794"}],"wp:attachment":[{"href":"https:\/\/archive.sana.sy\/es\/index.php?rest_route=%2Fwp%2Fv2%2Fmedia&parent=21793"}],"wp:term":[{"taxonomy":"category","embeddable":true,"href":"https:\/\/archive.sana.sy\/es\/index.php?rest_route=%2Fwp%2Fv2%2Fcategories&post=21793"},{"taxonomy":"post_tag","embeddable":true,"href":"https:\/\/archive.sana.sy\/es\/index.php?rest_route=%2Fwp%2Fv2%2Ftags&post=21793"}],"curies":[{"name":"wp","href":"https:\/\/api.w.org\/{rel}","templated":true}]}}