{"id":21810,"date":"2015-04-23T14:17:09","date_gmt":"2015-04-23T11:17:09","guid":{"rendered":"http:\/\/www.sana.sy\/es\/?p=21810"},"modified":"2015-04-23T14:17:09","modified_gmt":"2015-04-23T11:17:09","slug":"gatilov-nueva-ronda-de-conversaciones-intersirias-podria-celebrarse-en-ginebra-a-principios-de-mayo","status":"publish","type":"post","link":"https:\/\/archive.sana.sy\/es\/?p=21810","title":{"rendered":"Gatilov: nueva ronda de conversaciones intersirias podr\u00eda celebrarse en Ginebra a principios de mayo \u00a0"},"content":{"rendered":"<div><\/div>\n<div><span lang=\"ES-TRAD\" style=\"color: #ff0000\">Mosc\u00fa, SANA<\/span><\/div>\n<div><span lang=\"ES-TRAD\">\u00a0<\/span><\/div>\n<div><span lang=\"ES-TRAD\">El viceministro de Exteriores de Rusia, Gennady Gatilov, dijo que es probable que se celebre una nueva ronda de conversaciones intersirias el pr\u00f3ximo mes de mayo en Ginebra, y expres\u00f3 la disposici\u00f3n de Mosc\u00fa a participar en las consultas sobre Siria en Ginebra.<\/span><\/div>\n<div><span lang=\"ES-TRAD\">\u00a0<\/span><\/div>\n<div><span lang=\"ES-TRAD\">En una conferencia de prensa, Gatilov dijo que el Enviado Adjunto del Secretario General de Naciones Unidas para Siria lleg\u00f3 a Mosc\u00fa con quien debatir\u00e1 las perspectivas del di\u00e1logo sirio-sirio.<\/span><\/div>\n<div><span lang=\"ES-TRAD\">\u00a0<\/span><\/div>\n<div><span lang=\"ES-TRAD\">El diplom\u00e1tico ruso a\u00f1adi\u00f3 que durante las conversaciones, se intercambiar\u00e1n puntos de vista sobre el alcance de un arreglo a la situaci\u00f3n en Siria y sobre las perspectivas de la reanudaci\u00f3n del di\u00e1logo sirio-sirio.<\/span><\/div>\n<div><span lang=\"ES-TRAD\">\u00a0<\/span><\/div>\n<div><span lang=\"ES-TRAD\">Asimismo, revel\u00f3 que De Mistura elabor\u00f3 un plan para su trabajo donde propone convocar a representantes de la oposici\u00f3n, de los principales pa\u00edses interesados \u200b\u200ben el tema sirio y de los cinco pa\u00edses miembros permanentes, y est\u00e1 decidido a que lleve con ellos consultas profundas sobre las formas de alcanzar un arreglo en Siria.<\/span><\/div>\n<div class=\"yj6qo ajU\">\n<div id=\":13u\" class=\"ajR\"><img decoding=\"async\" class=\"ajT\" src=\"https:\/\/ssl.gstatic.com\/ui\/v1\/icons\/mail\/images\/cleardot.gif\" alt=\"\" \/><\/div>\n<div class=\"ajR\"><span style=\"color: #00ccff\">Fady M., Hala B.<\/span><\/div>\n<\/div>\n","protected":false},"excerpt":{"rendered":"<p>Mosc\u00fa, SANA \u00a0 El viceministro de Exteriores de Rusia, Gennady Gatilov, dijo que es probable que se celebre una nueva ronda de conversaciones intersirias el pr\u00f3ximo mes de mayo en Ginebra, y expres\u00f3 la disposici\u00f3n de Mosc\u00fa a participar en las consultas sobre Siria en Ginebra. \u00a0 En una conferencia de prensa, Gatilov dijo que &hellip;<\/p>\n","protected":false},"author":1,"featured_media":21811,"comment_status":"closed","ping_status":"closed","sticky":false,"template":"","format":"standard","meta":{"footnotes":""},"categories":[456,576],"tags":[4977],"class_list":["post-21810","post","type-post","status-publish","format-standard","has-post-thumbnail","","category-arabe-internacional-politica","category-noticias-politicas","tag-gatilov-nueva-ronda-de-conversaciones-intersirias-podria-celebrarse-en-ginebra-a-principios-de-mayo"],"_links":{"self":[{"href":"https:\/\/archive.sana.sy\/es\/index.php?rest_route=\/wp\/v2\/posts\/21810"}],"collection":[{"href":"https:\/\/archive.sana.sy\/es\/index.php?rest_route=\/wp\/v2\/posts"}],"about":[{"href":"https:\/\/archive.sana.sy\/es\/index.php?rest_route=\/wp\/v2\/types\/post"}],"author":[{"embeddable":true,"href":"https:\/\/archive.sana.sy\/es\/index.php?rest_route=\/wp\/v2\/users\/1"}],"replies":[{"embeddable":true,"href":"https:\/\/archive.sana.sy\/es\/index.php?rest_route=%2Fwp%2Fv2%2Fcomments&post=21810"}],"version-history":[{"count":0,"href":"https:\/\/archive.sana.sy\/es\/index.php?rest_route=\/wp\/v2\/posts\/21810\/revisions"}],"wp:featuredmedia":[{"embeddable":true,"href":"https:\/\/archive.sana.sy\/es\/index.php?rest_route=\/wp\/v2\/media\/21811"}],"wp:attachment":[{"href":"https:\/\/archive.sana.sy\/es\/index.php?rest_route=%2Fwp%2Fv2%2Fmedia&parent=21810"}],"wp:term":[{"taxonomy":"category","embeddable":true,"href":"https:\/\/archive.sana.sy\/es\/index.php?rest_route=%2Fwp%2Fv2%2Fcategories&post=21810"},{"taxonomy":"post_tag","embeddable":true,"href":"https:\/\/archive.sana.sy\/es\/index.php?rest_route=%2Fwp%2Fv2%2Ftags&post=21810"}],"curies":[{"name":"wp","href":"https:\/\/api.w.org\/{rel}","templated":true}]}}