{"id":21813,"date":"2015-04-23T16:50:01","date_gmt":"2015-04-23T13:50:01","guid":{"rendered":"http:\/\/www.sana.sy\/es\/?p=21813"},"modified":"2015-04-23T16:54:46","modified_gmt":"2015-04-23T13:54:46","slug":"siria-condena-el-genocidio-cometido-por-el-imperio-otomano-contra-el-pueblo-armenio","status":"publish","type":"post","link":"https:\/\/archive.sana.sy\/es\/?p=21813","title":{"rendered":"Siria condena el genocidio cometido por el Imperio Otomano contra el pueblo armenio"},"content":{"rendered":"<div><span style=\"color: #ff0000\">Damasco, SANA<\/span><\/div>\n<div><span lang=\"ES-TRAD\">\u00a0<\/span><\/div>\n<div><span lang=\"ES-TRAD\">El Presidente de la Asamblea del Pueblo, Mohammad Jihad al-Laham, afirm\u00f3 la condena de Siria al genocidio cometido contra el pueblo armenio a manos del Imperio Otomano.<\/span><\/div>\n<div><span lang=\"ES-TRAD\">\u00a0<\/span><\/div>\n<div><span lang=\"ES-TRAD\">La afirmaci\u00f3n de al-Laham tuvo lugar durante su discurso pronunciados este jueves en el Foro Social celebrado en la capital armenia Erev\u00e1n, bajo el lema de &#8220;luchar contra crimen del genocidio&#8221;.<\/span><\/div>\n<div><span lang=\"ES-TRAD\">\u00a0<\/span><\/div>\n<div><span lang=\"ES-TRAD\">El presidente del parlamento sirio indic\u00f3 que el &#8220;crimen contra cualquier ser humano debe ser condenado y rechazado, sea quien sea su autor, y es condenado el genocidio que cobr\u00f3 la vida de m\u00e1s de un mill\u00f3n y medio del hermano pueblo armenio y el desplazamiento de otro mill\u00f3n y medio en todo el mundo.&#8221;<\/span><\/div>\n<div><span lang=\"ES-TRAD\">\u00a0<\/span><\/div>\n<div><span lang=\"ES-TRAD\">Asimismo, explic\u00f3 que &#8220;el terrorismo takfirista en Siria e Irak cometen cr\u00edmenes de lesa humanidad y un genocidio en contra de la historia, la civilizaci\u00f3n y el ser humano.<\/span><\/div>\n<div><span lang=\"ES-TRAD\">\u00a0<\/span><\/div>\n<div><span lang=\"ES-TRAD\">Tambi\u00e9n, aclar\u00f3 que &#8220;la historia que registr\u00f3 hace cien a\u00f1os el m\u00e1s terrible genocidio contra la humanidad, registra hoy semejantes cr\u00edmenes con los mismos asesinos.<\/span><\/div>\n<div><span lang=\"ES-TRAD\">\u00a0<\/span><\/div>\n<div><span lang=\"ES-TRAD\">En este sentido, dijo que la historia no nos perdonar\u00e1 si no nos mantenemos unidos frente a los enemigos de la humanidad y contra todos aquellos que apoyan la ideolog\u00eda terrorista y financian y armas al terrorismo.&#8221;<\/span><\/div>\n<div><\/div>\n<div><span style=\"color: #0000ff\">Al-Laham se re\u00fane con el jefe del Ejecutivo armenio<\/span><\/p>\n<p>Asimismo, el presidente del Parlamento sirio se reuni\u00f3 con el jefe del Ejecutivo armenio, Hovik Abrahamian en la capital armenia Erev\u00e1n.<\/p>\n<p>Durante el encuentro, Abrahamian expres\u00f3 el apoyo de su pa\u00eds a Siria en su batalla contra terroristas y extremistas procedentes de varios pa\u00edses, y secundados por conocidos pa\u00edses regionales.<\/p>\n<p>El presidente del Gabinete armenio se\u00f1al\u00f3 que la visita de la delegaci\u00f3n parlamentaria siria a Armenia para conmemorar el 100 aniversario del genocidio armenio refleja los profundos lazaos entre ambos pueblos sirio y armenio.<\/p>\n<p>Asimismo destac\u00f3 la importancia de activar las relaciones parlamentarias entre Siria y Armenia a trav\u00e9s del intercambio de visitas. En este contexto, dirigi\u00f3 una invitaci\u00f3n al jefe del Ejecutivo sirio para visitar Armenia a fin de ampliar las relaciones econ\u00f3micas bilaterales.<\/p>\n<p>Por su parte, al-Laham ratific\u00f3 la solidaridad de Siria con Armenia en el 100 aniversario del genocidio armenio, dirigiendo un llamamiento al mundo entero para mirar bien en las masacres cometidas a lo largo de la historia a manos de algunos reg\u00edmenes cerrados y extremistas, y trabajar conjuntamente para erradicar el terrorismo que est\u00e1 perpetrando cr\u00edmenes contra la humanidad en Siria e Irak.<\/p>\n<p>Es de se\u00f1alar que el Foro Pol\u00edtico-Social para la Lucha contra el Genocidio organizado por la Rep\u00fablica de Armenia con motivo del 100 aniversario del genocidio armenio, hab\u00eda iniciado ayer sus labores en la capital Erev\u00e1n con la presencia de delegaciones parlamentarias y gubernamentales procedentes de varios pa\u00edses, entre ellos Siria.<\/p><\/div>\n<div><\/div>\n<div><span style=\"color: #00ccff\">Fady M., Hala B.<\/span><\/div>\n<div class=\"yj6qo ajU\">\n<div id=\":12a\" class=\"ajR\"><img decoding=\"async\" class=\"ajT\" src=\"https:\/\/ssl.gstatic.com\/ui\/v1\/icons\/mail\/images\/cleardot.gif\" alt=\"\" \/><\/div>\n<\/div>\n","protected":false},"excerpt":{"rendered":"<p>Damasco, SANA \u00a0 El Presidente de la Asamblea del Pueblo, Mohammad Jihad al-Laham, afirm\u00f3 la condena de Siria al genocidio cometido contra el pueblo armenio a manos del Imperio Otomano. \u00a0 La afirmaci\u00f3n de al-Laham tuvo lugar durante su discurso pronunciados este jueves en el Foro Social celebrado en la capital armenia Erev\u00e1n, bajo el &hellip;<\/p>\n","protected":false},"author":1,"featured_media":21814,"comment_status":"closed","ping_status":"closed","sticky":false,"template":"","format":"standard","meta":{"footnotes":""},"categories":[597,476,576],"tags":[4978],"class_list":["post-21813","post","type-post","status-publish","format-standard","has-post-thumbnail","","category-cinta-de-noticias","category-locales","category-noticias-politicas","tag-siria-condena-el-genocidio-cometido-por-el-imperio-otomano-contra-el-pueblo-armenio"],"_links":{"self":[{"href":"https:\/\/archive.sana.sy\/es\/index.php?rest_route=\/wp\/v2\/posts\/21813"}],"collection":[{"href":"https:\/\/archive.sana.sy\/es\/index.php?rest_route=\/wp\/v2\/posts"}],"about":[{"href":"https:\/\/archive.sana.sy\/es\/index.php?rest_route=\/wp\/v2\/types\/post"}],"author":[{"embeddable":true,"href":"https:\/\/archive.sana.sy\/es\/index.php?rest_route=\/wp\/v2\/users\/1"}],"replies":[{"embeddable":true,"href":"https:\/\/archive.sana.sy\/es\/index.php?rest_route=%2Fwp%2Fv2%2Fcomments&post=21813"}],"version-history":[{"count":0,"href":"https:\/\/archive.sana.sy\/es\/index.php?rest_route=\/wp\/v2\/posts\/21813\/revisions"}],"wp:featuredmedia":[{"embeddable":true,"href":"https:\/\/archive.sana.sy\/es\/index.php?rest_route=\/wp\/v2\/media\/21814"}],"wp:attachment":[{"href":"https:\/\/archive.sana.sy\/es\/index.php?rest_route=%2Fwp%2Fv2%2Fmedia&parent=21813"}],"wp:term":[{"taxonomy":"category","embeddable":true,"href":"https:\/\/archive.sana.sy\/es\/index.php?rest_route=%2Fwp%2Fv2%2Fcategories&post=21813"},{"taxonomy":"post_tag","embeddable":true,"href":"https:\/\/archive.sana.sy\/es\/index.php?rest_route=%2Fwp%2Fv2%2Ftags&post=21813"}],"curies":[{"name":"wp","href":"https:\/\/api.w.org\/{rel}","templated":true}]}}