{"id":21816,"date":"2015-04-23T15:14:40","date_gmt":"2015-04-23T12:14:40","guid":{"rendered":"http:\/\/www.sana.sy\/es\/?p=21816"},"modified":"2015-04-23T17:59:43","modified_gmt":"2015-04-23T14:59:43","slug":"inicia-una-conferencia-sobre-la-reconstruccion-en-la-universidad-de-damasco","status":"publish","type":"post","link":"https:\/\/archive.sana.sy\/es\/?p=21816","title":{"rendered":"Inicia una conferencia sobre la reconstrucci\u00f3n en la Universidad de Damasco"},"content":{"rendered":"<div><span style=\"color: #ff0000\">Damasco, SANA<\/span><\/div>\n<div><span lang=\"ES-TRAD\">\u00a0<\/span><\/div>\n<div><span lang=\"ES-TRAD\">Con la participaci\u00f3n de instituciones de investigaci\u00f3n \u00e1rabes y extranjeras, se ha iniciado la Conferencia Internacional sobre la Reconstrucci\u00f3n de Siria que organiza la Universidad de Damasco.<\/span><\/div>\n<div><\/div>\n<div>La conferencia cuenta con la presencia de acad\u00e9micos procedentes de varios pa\u00edses y durar\u00e1 hasta el 27 del mes en curso.<\/div>\n<div><\/div>\n<div><span style=\"color: #00ccff\">Fady M., Hala B., Lynn A.<\/span><\/div>\n","protected":false},"excerpt":{"rendered":"<p>Damasco, SANA \u00a0 Con la participaci\u00f3n de instituciones de investigaci\u00f3n \u00e1rabes y extranjeras, se ha iniciado la Conferencia Internacional sobre la Reconstrucci\u00f3n de Siria que organiza la Universidad de Damasco. La conferencia cuenta con la presencia de acad\u00e9micos procedentes de varios pa\u00edses y durar\u00e1 hasta el 27 del mes en curso. Fady M., Hala B., &hellip;<\/p>\n","protected":false},"author":1,"featured_media":13239,"comment_status":"closed","ping_status":"closed","sticky":false,"template":"","format":"standard","meta":{"footnotes":""},"categories":[477,597,476],"tags":[4979],"class_list":["post-21816","post","type-post","status-publish","format-standard","has-post-thumbnail","","category-noticias-edulcorantes","category-cinta-de-noticias","category-locales","tag-inicia-una-conferencia-sobre-la-reconstruccion-en-la-universidad-de-damasco"],"_links":{"self":[{"href":"https:\/\/archive.sana.sy\/es\/index.php?rest_route=\/wp\/v2\/posts\/21816"}],"collection":[{"href":"https:\/\/archive.sana.sy\/es\/index.php?rest_route=\/wp\/v2\/posts"}],"about":[{"href":"https:\/\/archive.sana.sy\/es\/index.php?rest_route=\/wp\/v2\/types\/post"}],"author":[{"embeddable":true,"href":"https:\/\/archive.sana.sy\/es\/index.php?rest_route=\/wp\/v2\/users\/1"}],"replies":[{"embeddable":true,"href":"https:\/\/archive.sana.sy\/es\/index.php?rest_route=%2Fwp%2Fv2%2Fcomments&post=21816"}],"version-history":[{"count":0,"href":"https:\/\/archive.sana.sy\/es\/index.php?rest_route=\/wp\/v2\/posts\/21816\/revisions"}],"wp:featuredmedia":[{"embeddable":true,"href":"https:\/\/archive.sana.sy\/es\/index.php?rest_route=\/wp\/v2\/media\/13239"}],"wp:attachment":[{"href":"https:\/\/archive.sana.sy\/es\/index.php?rest_route=%2Fwp%2Fv2%2Fmedia&parent=21816"}],"wp:term":[{"taxonomy":"category","embeddable":true,"href":"https:\/\/archive.sana.sy\/es\/index.php?rest_route=%2Fwp%2Fv2%2Fcategories&post=21816"},{"taxonomy":"post_tag","embeddable":true,"href":"https:\/\/archive.sana.sy\/es\/index.php?rest_route=%2Fwp%2Fv2%2Ftags&post=21816"}],"curies":[{"name":"wp","href":"https:\/\/api.w.org\/{rel}","templated":true}]}}