{"id":21818,"date":"2015-04-23T15:27:49","date_gmt":"2015-04-23T12:27:49","guid":{"rendered":"http:\/\/www.sana.sy\/es\/?p=21818"},"modified":"2015-04-23T15:27:49","modified_gmt":"2015-04-23T12:27:49","slug":"china-considera-que-el-comunicado-de-lausana-es-paso-positivo-hacia-acuerdo-nuclear","status":"publish","type":"post","link":"https:\/\/archive.sana.sy\/es\/?p=21818","title":{"rendered":"China considera que el Comunicado de Lausana es paso positivo hacia acuerdo nuclear"},"content":{"rendered":"<div dir=\"ltr\">\n<span style=\"color: #ff0000\">Pek\u00edn, SANA<\/span><\/div>\n<div dir=\"ltr\"><\/div>\n<div dir=\"ltr\">El presidente de China, Xi Jinping, consider\u00f3 este jueves que el principio de acuerdo logrado entre Ir\u00e1n y el Grupo 5+1 ha sido un \u201cpaso positivo\u201d hacia el logro de un acuerdo final sobre el caso del programa de energ\u00eda nuclear iran\u00ed.<\/p>\n<p>El mandatario chino explic\u00f3 en un encuentro mantenido con su par iran\u00ed, Hasan Rohani, que \u201cel consenso logrado recientemente entre Ir\u00e1n y el Grupo 5+1 en la ciudad suiza de Lausana, sobre el programa nuclear iran\u00ed es un paso positivo hacia el logro de un consenso final y definitivo\u201d.<\/p>\n<p>Durante la cita, celebrada al margen de la Conferencia Asi\u00e1tico-Africana en la capital de Indonesia, Yakarta, la parte china ha asegurado que \u201cbusca conservar sus contactos con todas las partes interesadas, y pide un acuerdo justo y equilibrado para que todas las partes se beneficien\u201d de este proceso de di\u00e1logos nucleares.<\/p>\n<p>Por su parte, el presidente iran\u00ed ha recordado los puntos que comparten en com\u00fan los Gobiernos de Teher\u00e1n y Pek\u00edn en cuanto a los lazos bilaterales y asuntos de \u00edndole regional e internacional.<\/p>\n<p>En este sentido, ambas partes han coincidido en la necesidad de aumentar y fortalecer las relaciones bilaterales Teher\u00e1n-Pek\u00edn, y la amistad de las naciones y Gobiernos de Ir\u00e1n y China.<\/p><\/div>\n<div dir=\"ltr\"><\/div>\n<div dir=\"ltr\"><span style=\"color: #00ccff\">Fady M., Hala B.<\/span><\/div>\n<div class=\"yj6qo ajU\">\n<div id=\":151\" class=\"ajR\"><img decoding=\"async\" class=\"ajT\" src=\"https:\/\/ssl.gstatic.com\/ui\/v1\/icons\/mail\/images\/cleardot.gif\" alt=\"\" \/><\/div>\n<\/div>\n","protected":false},"excerpt":{"rendered":"<p>Pek\u00edn, SANA El presidente de China, Xi Jinping, consider\u00f3 este jueves que el principio de acuerdo logrado entre Ir\u00e1n y el Grupo 5+1 ha sido un \u201cpaso positivo\u201d hacia el logro de un acuerdo final sobre el caso del programa de energ\u00eda nuclear iran\u00ed. El mandatario chino explic\u00f3 en un encuentro mantenido con su par &hellip;<\/p>\n","protected":false},"author":1,"featured_media":21819,"comment_status":"closed","ping_status":"closed","sticky":false,"template":"","format":"standard","meta":{"footnotes":""},"categories":[456,576],"tags":[4980],"class_list":["post-21818","post","type-post","status-publish","format-standard","has-post-thumbnail","","category-arabe-internacional-politica","category-noticias-politicas","tag-china-considera-que-el-comunicado-de-lausana-es-paso-positivo-hacia-acuerdo-nuclear"],"_links":{"self":[{"href":"https:\/\/archive.sana.sy\/es\/index.php?rest_route=\/wp\/v2\/posts\/21818"}],"collection":[{"href":"https:\/\/archive.sana.sy\/es\/index.php?rest_route=\/wp\/v2\/posts"}],"about":[{"href":"https:\/\/archive.sana.sy\/es\/index.php?rest_route=\/wp\/v2\/types\/post"}],"author":[{"embeddable":true,"href":"https:\/\/archive.sana.sy\/es\/index.php?rest_route=\/wp\/v2\/users\/1"}],"replies":[{"embeddable":true,"href":"https:\/\/archive.sana.sy\/es\/index.php?rest_route=%2Fwp%2Fv2%2Fcomments&post=21818"}],"version-history":[{"count":0,"href":"https:\/\/archive.sana.sy\/es\/index.php?rest_route=\/wp\/v2\/posts\/21818\/revisions"}],"wp:featuredmedia":[{"embeddable":true,"href":"https:\/\/archive.sana.sy\/es\/index.php?rest_route=\/wp\/v2\/media\/21819"}],"wp:attachment":[{"href":"https:\/\/archive.sana.sy\/es\/index.php?rest_route=%2Fwp%2Fv2%2Fmedia&parent=21818"}],"wp:term":[{"taxonomy":"category","embeddable":true,"href":"https:\/\/archive.sana.sy\/es\/index.php?rest_route=%2Fwp%2Fv2%2Fcategories&post=21818"},{"taxonomy":"post_tag","embeddable":true,"href":"https:\/\/archive.sana.sy\/es\/index.php?rest_route=%2Fwp%2Fv2%2Ftags&post=21818"}],"curies":[{"name":"wp","href":"https:\/\/api.w.org\/{rel}","templated":true}]}}