{"id":218204,"date":"2022-02-12T13:07:46","date_gmt":"2022-02-12T11:07:46","guid":{"rendered":"http:\/\/107.6.182.27\/es\/?p=218204"},"modified":"2023-01-10T14:20:31","modified_gmt":"2023-01-10T12:20:31","slug":"carnaval-en-latakia-con-motivo-del-dia-de-ninos-con-cancer-fotos","status":"publish","type":"post","link":"https:\/\/archive.sana.sy\/es\/?p=218204","title":{"rendered":"Carnaval en Latakia\/Siria con motivo del D\u00eda Internacional de Lucha contra el C\u00e1ncer Infantil (+fotos)"},"content":{"rendered":"<p><span style=\"color: #800000;\"><strong>Latakia, 12 feb (SANA) <\/strong><\/span>\u00a0\u201cAy\u00fadennos a luchar contra el c\u00e1ncer\u201d fue el lema bajo el cual arranc\u00f3 en la ciudad de Latakia un carnaval con motivo del D\u00eda Internacional de Lucha contra el C\u00e1ncer Infantil.<\/p>\n<p>El evento fue organizado por la Asociaci\u00f3n Farah para apoyar a los ni\u00f1os con c\u00e1ncer en cooperaci\u00f3n con la Direcci\u00f3n de Asuntos Sociales y Trabajo de Latakia, y participan en la jornada unas 30 entidades sociales y populares y ONG de la provincia.<\/p>\n<p>El responsable de la asociaci\u00f3n Farah, Samer Al-Masry, declar\u00f3 a la agencia SANA que el objetivo de la marcha es resaltar la importancia de brindar apoyo psicol\u00f3gico y moral a los ni\u00f1os enfermos y sus familias, y mostrarles que no est\u00e1n solos.<\/p>\n<p>Tambi\u00e9n se pretende, seg\u00fan al-Masry, enviar un mensaje sobre la necesidad de levantar las injustas medidas coercitivas unilaterales que impiden la provisi\u00f3n de medicamentos y tienen impacto negativo en la vida de los pacientes.<\/p>\n<p>fm\/sm<\/p>\n<div id='gallery-1' class='gallery galleryid-218204 gallery-columns-1 gallery-size-full'><figure class='gallery-item'>\n\t\t\t<div class='gallery-icon landscape'>\n\t\t\t\t<a href='https:\/\/archive.sana.sy\/es\/?attachment_id=218207'><img loading=\"lazy\" decoding=\"async\" width=\"1280\" height=\"813\" src=\"https:\/\/archive.sana.sy\/es\/wp-content\/uploads\/2022\/02\/photo_2022-02-12_12-28-10.jpg\" class=\"attachment-full size-full\" alt=\"\" srcset=\"https:\/\/archive.sana.sy\/es\/wp-content\/uploads\/2022\/02\/photo_2022-02-12_12-28-10.jpg 1280w, https:\/\/archive.sana.sy\/es\/wp-content\/uploads\/2022\/02\/photo_2022-02-12_12-28-10-300x191.jpg 300w, https:\/\/archive.sana.sy\/es\/wp-content\/uploads\/2022\/02\/photo_2022-02-12_12-28-10-1024x650.jpg 1024w, https:\/\/archive.sana.sy\/es\/wp-content\/uploads\/2022\/02\/photo_2022-02-12_12-28-10-150x95.jpg 150w, https:\/\/archive.sana.sy\/es\/wp-content\/uploads\/2022\/02\/photo_2022-02-12_12-28-10-768x488.jpg 768w\" sizes=\"(max-width: 1280px) 100vw, 1280px\" \/><\/a>\n\t\t\t<\/div><\/figure><figure class='gallery-item'>\n\t\t\t<div class='gallery-icon landscape'>\n\t\t\t\t<a href='https:\/\/archive.sana.sy\/es\/?attachment_id=218208'><img loading=\"lazy\" decoding=\"async\" width=\"1280\" height=\"813\" src=\"https:\/\/archive.sana.sy\/es\/wp-content\/uploads\/2022\/02\/photo_2022-02-12_12-28-11.jpg\" class=\"attachment-full size-full\" alt=\"\" srcset=\"https:\/\/archive.sana.sy\/es\/wp-content\/uploads\/2022\/02\/photo_2022-02-12_12-28-11.jpg 1280w, https:\/\/archive.sana.sy\/es\/wp-content\/uploads\/2022\/02\/photo_2022-02-12_12-28-11-300x191.jpg 300w, https:\/\/archive.sana.sy\/es\/wp-content\/uploads\/2022\/02\/photo_2022-02-12_12-28-11-1024x650.jpg 1024w, https:\/\/archive.sana.sy\/es\/wp-content\/uploads\/2022\/02\/photo_2022-02-12_12-28-11-150x95.jpg 150w, https:\/\/archive.sana.sy\/es\/wp-content\/uploads\/2022\/02\/photo_2022-02-12_12-28-11-768x488.jpg 768w\" sizes=\"(max-width: 1280px) 100vw, 1280px\" \/><\/a>\n\t\t\t<\/div><\/figure><figure class='gallery-item'>\n\t\t\t<div class='gallery-icon landscape'>\n\t\t\t\t<a href='https:\/\/archive.sana.sy\/es\/?attachment_id=218209'><img loading=\"lazy\" decoding=\"async\" width=\"1280\" height=\"809\" src=\"https:\/\/archive.sana.sy\/es\/wp-content\/uploads\/2022\/02\/photo_2022-02-12_12-28-13.jpg\" class=\"attachment-full size-full\" alt=\"\" srcset=\"https:\/\/archive.sana.sy\/es\/wp-content\/uploads\/2022\/02\/photo_2022-02-12_12-28-13.jpg 1280w, https:\/\/archive.sana.sy\/es\/wp-content\/uploads\/2022\/02\/photo_2022-02-12_12-28-13-300x190.jpg 300w, https:\/\/archive.sana.sy\/es\/wp-content\/uploads\/2022\/02\/photo_2022-02-12_12-28-13-1024x647.jpg 1024w, https:\/\/archive.sana.sy\/es\/wp-content\/uploads\/2022\/02\/photo_2022-02-12_12-28-13-150x95.jpg 150w, https:\/\/archive.sana.sy\/es\/wp-content\/uploads\/2022\/02\/photo_2022-02-12_12-28-13-768x485.jpg 768w\" sizes=\"(max-width: 1280px) 100vw, 1280px\" \/><\/a>\n\t\t\t<\/div><\/figure><figure class='gallery-item'>\n\t\t\t<div class='gallery-icon landscape'>\n\t\t\t\t<a href='https:\/\/archive.sana.sy\/es\/?attachment_id=218210'><img loading=\"lazy\" decoding=\"async\" width=\"1280\" height=\"959\" src=\"https:\/\/archive.sana.sy\/es\/wp-content\/uploads\/2022\/02\/photo_2022-02-12_12-28-09-1.jpg\" class=\"attachment-full size-full\" alt=\"\" srcset=\"https:\/\/archive.sana.sy\/es\/wp-content\/uploads\/2022\/02\/photo_2022-02-12_12-28-09-1.jpg 1280w, https:\/\/archive.sana.sy\/es\/wp-content\/uploads\/2022\/02\/photo_2022-02-12_12-28-09-1-300x225.jpg 300w, https:\/\/archive.sana.sy\/es\/wp-content\/uploads\/2022\/02\/photo_2022-02-12_12-28-09-1-1024x767.jpg 1024w, https:\/\/archive.sana.sy\/es\/wp-content\/uploads\/2022\/02\/photo_2022-02-12_12-28-09-1-150x112.jpg 150w, https:\/\/archive.sana.sy\/es\/wp-content\/uploads\/2022\/02\/photo_2022-02-12_12-28-09-1-768x575.jpg 768w\" sizes=\"(max-width: 1280px) 100vw, 1280px\" \/><\/a>\n\t\t\t<\/div><\/figure>\n\t\t<\/div>\n\n<p>&nbsp;<\/p>\n","protected":false},"excerpt":{"rendered":"<p>Latakia, 12 feb (SANA) \u00a0\u201cAy\u00fadennos a luchar contra el c\u00e1ncer\u201d fue el lema bajo el cual arranc\u00f3 en la ciudad de Latakia un carnaval con motivo del D\u00eda Internacional de Lucha contra el C\u00e1ncer Infantil. El evento fue organizado por la Asociaci\u00f3n Farah para apoyar a los ni\u00f1os con c\u00e1ncer en cooperaci\u00f3n con la Direcci\u00f3n &hellip;<\/p>\n","protected":false},"author":39,"featured_media":218296,"comment_status":"closed","ping_status":"closed","sticky":false,"template":"","format":"standard","meta":{"footnotes":""},"categories":[447,477,597,476,7541],"tags":[],"class_list":["post-218204","post","type-post","status-publish","format-standard","has-post-thumbnail","","category-local-politica","category-noticias-edulcorantes","category-cinta-de-noticias","category-locales","category-ultimas-noticias"],"_links":{"self":[{"href":"https:\/\/archive.sana.sy\/es\/index.php?rest_route=\/wp\/v2\/posts\/218204"}],"collection":[{"href":"https:\/\/archive.sana.sy\/es\/index.php?rest_route=\/wp\/v2\/posts"}],"about":[{"href":"https:\/\/archive.sana.sy\/es\/index.php?rest_route=\/wp\/v2\/types\/post"}],"author":[{"embeddable":true,"href":"https:\/\/archive.sana.sy\/es\/index.php?rest_route=\/wp\/v2\/users\/39"}],"replies":[{"embeddable":true,"href":"https:\/\/archive.sana.sy\/es\/index.php?rest_route=%2Fwp%2Fv2%2Fcomments&post=218204"}],"version-history":[{"count":0,"href":"https:\/\/archive.sana.sy\/es\/index.php?rest_route=\/wp\/v2\/posts\/218204\/revisions"}],"wp:featuredmedia":[{"embeddable":true,"href":"https:\/\/archive.sana.sy\/es\/index.php?rest_route=\/wp\/v2\/media\/218296"}],"wp:attachment":[{"href":"https:\/\/archive.sana.sy\/es\/index.php?rest_route=%2Fwp%2Fv2%2Fmedia&parent=218204"}],"wp:term":[{"taxonomy":"category","embeddable":true,"href":"https:\/\/archive.sana.sy\/es\/index.php?rest_route=%2Fwp%2Fv2%2Fcategories&post=218204"},{"taxonomy":"post_tag","embeddable":true,"href":"https:\/\/archive.sana.sy\/es\/index.php?rest_route=%2Fwp%2Fv2%2Ftags&post=218204"}],"curies":[{"name":"wp","href":"https:\/\/api.w.org\/{rel}","templated":true}]}}