{"id":21824,"date":"2015-04-23T17:18:04","date_gmt":"2015-04-23T14:18:04","guid":{"rendered":"http:\/\/www.sana.sy\/es\/?p=21824"},"modified":"2015-04-23T18:06:47","modified_gmt":"2015-04-23T15:06:47","slug":"una-festividad-con-motivo-del-dia-mundial-del-libro","status":"publish","type":"post","link":"https:\/\/archive.sana.sy\/es\/?p=21824","title":{"rendered":"Una festividad con motivo del D\u00eda Mundial del Libro"},"content":{"rendered":"<p><span style=\"color: #800000\">Damasco, SANA<\/span><\/p>\n<p>Bajo el auspicio del Ministerio de Informaci\u00f3n y la Uni\u00f3n de los Editores Sirios, se han iniciado este jueves la festividad del D\u00eda Mundial del Libro en la biblioteca \u201cal-Assad\u201d en Damasco.<\/p>\n<p>En una palabra, el ministro de Informaci\u00f3n, Omran al-Zoabi destac\u00f3 la importancia de la lectura y del libro escolar, asegurando que su ministerio seguir\u00e1 apoyando a la\u00a0 Uni\u00f3n de los Editores pese a las duras circunstancias actuales.<\/p>\n<p>En otro contexto, el titular de Informaci\u00f3n resalt\u00f3 la necesidad del aferramiento a la identidad nacional para defender el pa\u00eds y reconstruirlo.<\/p>\n<p>El Ministro al-Zoabi hizo referencia a que el hecho de defender a Siria es defender a su civilizaci\u00f3n y patrimonio cultural y humanitario, haciendo hincapi\u00e9 en que la misma seguir\u00e1 formando parte de la naci\u00f3n \u00e1rabe, que seguir\u00e1 unificada pese a que algunos pa\u00edses \u00e1rabes como Arabia Saudita ha acumulado a lo largo de d\u00e9cadas cantidades de armas para bombardear al pueblo yemen\u00ed destruir su econom\u00eda.<\/p>\n<p>Asimismo consider\u00f3 que \u201cla guerra sionista\u201d contra Yemen, lo que est\u00e1 sucediendo en el L\u00edbano, Irak y Palestina, la conspiraci\u00f3n contra el eje de resistencia y la apariencia de la organizaci\u00f3n terrorista del Estado Isl\u00e1mico forman parte de la conspiraci\u00f3n contra Siria, ya que este pa\u00eds es el coraz\u00f3n y el centro del arabismo.<\/p>\n<p>Al-Zoabi concluy\u00f3 su palabra afirmando que los sirios vencer\u00e1n el terrorismo y los enemigos de Siria, gracias a su cohesi\u00f3n.<\/p>\n<p>La ceremonia cont\u00f3 con la presencia de la consejera pol\u00edtica y de prensa en la Presidencia de la Rep\u00fablica \u00c1rabe Siria, Bozaina Shaaban, el ministro de Cultura, Isam Khalil y destacadas figuras pol\u00edticas y religiosas.<\/p>\n<p>En declaraciones a la prensa al margen de la festividad, la Consejera Pol\u00edtica y de Prensa en la Presidencia de la Rep\u00fablica, Bozaina Shaaban resalt\u00f3 que el fomento de la lectura forma parte de la resistencia y la lucha contra el terrorismo<\/p>\n<p>Lynn A.<\/p>\n","protected":false},"excerpt":{"rendered":"<p>Damasco, SANA Bajo el auspicio del Ministerio de Informaci\u00f3n y la Uni\u00f3n de los Editores Sirios, se han iniciado este jueves la festividad del D\u00eda Mundial del Libro en la biblioteca \u201cal-Assad\u201d en Damasco. En una palabra, el ministro de Informaci\u00f3n, Omran al-Zoabi destac\u00f3 la importancia de la lectura y del libro escolar, asegurando que &hellip;<\/p>\n","protected":false},"author":24,"featured_media":21825,"comment_status":"closed","ping_status":"closed","sticky":false,"template":"","format":"standard","meta":{"footnotes":""},"categories":[477,597,476],"tags":[4981],"class_list":["post-21824","post","type-post","status-publish","format-standard","has-post-thumbnail","","category-noticias-edulcorantes","category-cinta-de-noticias","category-locales","tag-una-festividad-con-motivo-del-dia-mundial-del-libro"],"_links":{"self":[{"href":"https:\/\/archive.sana.sy\/es\/index.php?rest_route=\/wp\/v2\/posts\/21824"}],"collection":[{"href":"https:\/\/archive.sana.sy\/es\/index.php?rest_route=\/wp\/v2\/posts"}],"about":[{"href":"https:\/\/archive.sana.sy\/es\/index.php?rest_route=\/wp\/v2\/types\/post"}],"author":[{"embeddable":true,"href":"https:\/\/archive.sana.sy\/es\/index.php?rest_route=\/wp\/v2\/users\/24"}],"replies":[{"embeddable":true,"href":"https:\/\/archive.sana.sy\/es\/index.php?rest_route=%2Fwp%2Fv2%2Fcomments&post=21824"}],"version-history":[{"count":0,"href":"https:\/\/archive.sana.sy\/es\/index.php?rest_route=\/wp\/v2\/posts\/21824\/revisions"}],"wp:featuredmedia":[{"embeddable":true,"href":"https:\/\/archive.sana.sy\/es\/index.php?rest_route=\/wp\/v2\/media\/21825"}],"wp:attachment":[{"href":"https:\/\/archive.sana.sy\/es\/index.php?rest_route=%2Fwp%2Fv2%2Fmedia&parent=21824"}],"wp:term":[{"taxonomy":"category","embeddable":true,"href":"https:\/\/archive.sana.sy\/es\/index.php?rest_route=%2Fwp%2Fv2%2Fcategories&post=21824"},{"taxonomy":"post_tag","embeddable":true,"href":"https:\/\/archive.sana.sy\/es\/index.php?rest_route=%2Fwp%2Fv2%2Ftags&post=21824"}],"curies":[{"name":"wp","href":"https:\/\/api.w.org\/{rel}","templated":true}]}}