{"id":218312,"date":"2022-02-13T06:07:23","date_gmt":"2022-02-13T04:07:23","guid":{"rendered":"http:\/\/107.6.182.27\/es\/?p=218312"},"modified":"2023-01-10T14:20:27","modified_gmt":"2023-01-10T12:20:27","slug":"celebran-en-siria-43-aniversario-del-triunfo-de-la-revolucion-islamica-de-iran-fotos","status":"publish","type":"post","link":"https:\/\/archive.sana.sy\/es\/?p=218312","title":{"rendered":"Celebran en Siria 43 aniversario del triunfo de la Revoluci\u00f3n Isl\u00e1mica de Ir\u00e1n (+ fotos)"},"content":{"rendered":"<p style=\"text-align: justify;\"><span style=\"color: #800000;\"><strong>Damasco, 13 feb (SANA)<\/strong><\/span>\u00a0\u00a0 La Embajada de la Rep\u00fablica Isl\u00e1mica de Ir\u00e1n en Damasco celebr\u00f3 el cuadrag\u00e9simo tercer aniversario del triunfo de la Revoluci\u00f3n Isl\u00e1mica en Ir\u00e1n, en una recepci\u00f3n efectuada en el hotel Sheraton de Damasco.<\/p>\n<p style=\"text-align: justify;\"><div class=\"box note  \"><div class=\"box-inner-block\"><i class=\"fa tie-shortcode-boxicon\"><\/i>\n\t\t\tSiria considera a Ir\u00e1n un socio estrat\u00e9gico\n\t\t\t<\/div><\/div>\n<p style=\"text-align: justify;\">El Viceministro de Exteriores y Expatriados, Bashar al-Jaafari, felicit\u00f3 al pueblo y al liderazgo iran\u00edes por su gloriosa Revoluci\u00f3n, y consider\u00f3 que los principios de esta revoluci\u00f3n son consistentes con los principios de Siria.<\/p>\n<p style=\"text-align: justify;\">\u201cSiria e Ir\u00e1n son cunas de civilizaciones bien enraizadas, y las relaciones entre los dos pa\u00edses est\u00e1n profundamente arraigadas en esas civilizaciones, y que los desarrollos en toda la regi\u00f3n desde 2011 han demostrado la exactitud de la lectura hist\u00f3rica de los fundadores de las relaciones sirio-iran\u00edes\u201d, dijo el vicecanciller.<\/p>\n<p style=\"text-align: justify;\">Aclar\u00f3 que Siria considera a Ir\u00e1n un socio estrat\u00e9gico y aprecia su papel responsable dentro de la comunidad internacional como un pa\u00eds que respeta el derecho internacional, el pluralismo y la Carta de las Naciones Unidas y contribuye a enfrentar las potencias imperialistas y sus pr\u00e1cticas.<\/p>\n<p style=\"text-align: justify;\">Al-Jaafari destac\u00f3 la disposici\u00f3n de Siria de continuar el trabajo conjunto para profundizar y fortalecer la cooperaci\u00f3n y el intercambio en todos los campos.<\/p>\n<p style=\"text-align: justify;\"><div class=\"box note  \"><div class=\"box-inner-block\"><i class=\"fa tie-shortcode-boxicon\"><\/i>\n\t\t\tProfundizar la cooperaci\u00f3n con la hermana Siria es prioridad de la pol\u00edtica exterior de Ir\u00e1n\n\t\t\t<\/div><\/div>\n<p style=\"text-align: justify;\">Por su parte, el embajador iran\u00ed en Damasco, Mahdi Sobhani, explic\u00f3 que el inevitable apoyo al eje de la resistencia y la causa palestina y la profundizaci\u00f3n de la cooperaci\u00f3n con pa\u00edses amigos, en especial la hermana Siria, se encuentran entre las prioridades de la pol\u00edtica exterior de Ir\u00e1n.<\/p>\n<p style=\"text-align: justify;\">El diplom\u00e1tico ratific\u00f3 el apoyo de su pa\u00eds a la soberan\u00eda de Siria y su condena a la presencia extranjera ilegal en sus tierras.<\/p>\n<p style=\"text-align: justify;\">Estamos seguros de que el pueblo sirio, a pesar de todas las presiones ejercidas sobre el mismo, derrot\u00f3 a sus enemigos en su lucha contra el terrorismo y, a trav\u00e9s de su resistencia, dar\u00e1 lecciones a los terroristas y a sus partidarios internacionales\u201d, concluy\u00f3 el embajador.<\/p>\n<p style=\"text-align: justify;\">\n<div id='gallery-1' class='gallery galleryid-218312 gallery-columns-1 gallery-size-full'><figure class='gallery-item'>\n\t\t\t<div class='gallery-icon landscape'>\n\t\t\t\t<a href='https:\/\/archive.sana.sy\/es\/wp-content\/uploads\/2022\/02\/DSC_8671-scaled.jpg'><img loading=\"lazy\" decoding=\"async\" width=\"2560\" height=\"1522\" src=\"https:\/\/archive.sana.sy\/es\/wp-content\/uploads\/2022\/02\/DSC_8671-scaled.jpg\" class=\"attachment-full size-full\" alt=\"\" srcset=\"https:\/\/archive.sana.sy\/es\/wp-content\/uploads\/2022\/02\/DSC_8671-scaled.jpg 2560w, https:\/\/archive.sana.sy\/es\/wp-content\/uploads\/2022\/02\/DSC_8671-300x178.jpg 300w, https:\/\/archive.sana.sy\/es\/wp-content\/uploads\/2022\/02\/DSC_8671-1024x609.jpg 1024w, https:\/\/archive.sana.sy\/es\/wp-content\/uploads\/2022\/02\/DSC_8671-150x89.jpg 150w, https:\/\/archive.sana.sy\/es\/wp-content\/uploads\/2022\/02\/DSC_8671-768x457.jpg 768w, https:\/\/archive.sana.sy\/es\/wp-content\/uploads\/2022\/02\/DSC_8671-1536x913.jpg 1536w, https:\/\/archive.sana.sy\/es\/wp-content\/uploads\/2022\/02\/DSC_8671-2048x1218.jpg 2048w\" sizes=\"(max-width: 2560px) 100vw, 2560px\" \/><\/a>\n\t\t\t<\/div><\/figure><figure class='gallery-item'>\n\t\t\t<div class='gallery-icon landscape'>\n\t\t\t\t<a href='https:\/\/archive.sana.sy\/es\/wp-content\/uploads\/2022\/02\/DSC_8674-scaled.jpg'><img loading=\"lazy\" decoding=\"async\" width=\"2560\" height=\"1300\" src=\"https:\/\/archive.sana.sy\/es\/wp-content\/uploads\/2022\/02\/DSC_8674-scaled.jpg\" class=\"attachment-full size-full\" alt=\"\" srcset=\"https:\/\/archive.sana.sy\/es\/wp-content\/uploads\/2022\/02\/DSC_8674-scaled.jpg 2560w, https:\/\/archive.sana.sy\/es\/wp-content\/uploads\/2022\/02\/DSC_8674-300x152.jpg 300w, https:\/\/archive.sana.sy\/es\/wp-content\/uploads\/2022\/02\/DSC_8674-1024x520.jpg 1024w, https:\/\/archive.sana.sy\/es\/wp-content\/uploads\/2022\/02\/DSC_8674-150x76.jpg 150w, https:\/\/archive.sana.sy\/es\/wp-content\/uploads\/2022\/02\/DSC_8674-768x390.jpg 768w, https:\/\/archive.sana.sy\/es\/wp-content\/uploads\/2022\/02\/DSC_8674-1536x780.jpg 1536w, https:\/\/archive.sana.sy\/es\/wp-content\/uploads\/2022\/02\/DSC_8674-2048x1040.jpg 2048w\" sizes=\"(max-width: 2560px) 100vw, 2560px\" \/><\/a>\n\t\t\t<\/div><\/figure><figure class='gallery-item'>\n\t\t\t<div class='gallery-icon landscape'>\n\t\t\t\t<a href='https:\/\/archive.sana.sy\/es\/wp-content\/uploads\/2022\/02\/DSC_8686-scaled.jpg'><img loading=\"lazy\" decoding=\"async\" width=\"2560\" height=\"1594\" src=\"https:\/\/archive.sana.sy\/es\/wp-content\/uploads\/2022\/02\/DSC_8686-scaled.jpg\" class=\"attachment-full size-full\" alt=\"\" srcset=\"https:\/\/archive.sana.sy\/es\/wp-content\/uploads\/2022\/02\/DSC_8686-scaled.jpg 2560w, https:\/\/archive.sana.sy\/es\/wp-content\/uploads\/2022\/02\/DSC_8686-300x187.jpg 300w, https:\/\/archive.sana.sy\/es\/wp-content\/uploads\/2022\/02\/DSC_8686-1024x638.jpg 1024w, https:\/\/archive.sana.sy\/es\/wp-content\/uploads\/2022\/02\/DSC_8686-150x93.jpg 150w, https:\/\/archive.sana.sy\/es\/wp-content\/uploads\/2022\/02\/DSC_8686-768x478.jpg 768w, https:\/\/archive.sana.sy\/es\/wp-content\/uploads\/2022\/02\/DSC_8686-1536x956.jpg 1536w, https:\/\/archive.sana.sy\/es\/wp-content\/uploads\/2022\/02\/DSC_8686-2048x1275.jpg 2048w\" sizes=\"(max-width: 2560px) 100vw, 2560px\" \/><\/a>\n\t\t\t<\/div><\/figure><figure class='gallery-item'>\n\t\t\t<div class='gallery-icon landscape'>\n\t\t\t\t<a href='https:\/\/archive.sana.sy\/es\/wp-content\/uploads\/2022\/02\/DSC_8713-scaled.jpg'><img loading=\"lazy\" decoding=\"async\" width=\"2560\" height=\"1509\" src=\"https:\/\/archive.sana.sy\/es\/wp-content\/uploads\/2022\/02\/DSC_8713-scaled.jpg\" class=\"attachment-full size-full\" alt=\"\" srcset=\"https:\/\/archive.sana.sy\/es\/wp-content\/uploads\/2022\/02\/DSC_8713-scaled.jpg 2560w, https:\/\/archive.sana.sy\/es\/wp-content\/uploads\/2022\/02\/DSC_8713-300x177.jpg 300w, https:\/\/archive.sana.sy\/es\/wp-content\/uploads\/2022\/02\/DSC_8713-1024x604.jpg 1024w, https:\/\/archive.sana.sy\/es\/wp-content\/uploads\/2022\/02\/DSC_8713-150x88.jpg 150w, https:\/\/archive.sana.sy\/es\/wp-content\/uploads\/2022\/02\/DSC_8713-768x453.jpg 768w, https:\/\/archive.sana.sy\/es\/wp-content\/uploads\/2022\/02\/DSC_8713-1536x906.jpg 1536w, https:\/\/archive.sana.sy\/es\/wp-content\/uploads\/2022\/02\/DSC_8713-2048x1208.jpg 2048w\" sizes=\"(max-width: 2560px) 100vw, 2560px\" \/><\/a>\n\t\t\t<\/div><\/figure>\n\t\t<\/div>\n\n","protected":false},"excerpt":{"rendered":"<p>Damasco, 13 feb (SANA)\u00a0\u00a0 La Embajada de la Rep\u00fablica Isl\u00e1mica de Ir\u00e1n en Damasco celebr\u00f3 el cuadrag\u00e9simo tercer aniversario del triunfo de la Revoluci\u00f3n Isl\u00e1mica en Ir\u00e1n, en una recepci\u00f3n efectuada en el hotel Sheraton de Damasco. El Viceministro de Exteriores y Expatriados, Bashar al-Jaafari, felicit\u00f3 al pueblo y al liderazgo iran\u00edes por su gloriosa &hellip;<\/p>\n","protected":false},"author":34,"featured_media":218313,"comment_status":"closed","ping_status":"closed","sticky":false,"template":"","format":"standard","meta":{"footnotes":""},"categories":[447,477,597,476,467,583],"tags":[],"class_list":["post-218312","post","type-post","status-publish","format-standard","has-post-thumbnail","","category-local-politica","category-noticias-edulcorantes","category-cinta-de-noticias","category-locales","category-siria-y-el-mundo","category-slide"],"_links":{"self":[{"href":"https:\/\/archive.sana.sy\/es\/index.php?rest_route=\/wp\/v2\/posts\/218312"}],"collection":[{"href":"https:\/\/archive.sana.sy\/es\/index.php?rest_route=\/wp\/v2\/posts"}],"about":[{"href":"https:\/\/archive.sana.sy\/es\/index.php?rest_route=\/wp\/v2\/types\/post"}],"author":[{"embeddable":true,"href":"https:\/\/archive.sana.sy\/es\/index.php?rest_route=\/wp\/v2\/users\/34"}],"replies":[{"embeddable":true,"href":"https:\/\/archive.sana.sy\/es\/index.php?rest_route=%2Fwp%2Fv2%2Fcomments&post=218312"}],"version-history":[{"count":0,"href":"https:\/\/archive.sana.sy\/es\/index.php?rest_route=\/wp\/v2\/posts\/218312\/revisions"}],"wp:featuredmedia":[{"embeddable":true,"href":"https:\/\/archive.sana.sy\/es\/index.php?rest_route=\/wp\/v2\/media\/218313"}],"wp:attachment":[{"href":"https:\/\/archive.sana.sy\/es\/index.php?rest_route=%2Fwp%2Fv2%2Fmedia&parent=218312"}],"wp:term":[{"taxonomy":"category","embeddable":true,"href":"https:\/\/archive.sana.sy\/es\/index.php?rest_route=%2Fwp%2Fv2%2Fcategories&post=218312"},{"taxonomy":"post_tag","embeddable":true,"href":"https:\/\/archive.sana.sy\/es\/index.php?rest_route=%2Fwp%2Fv2%2Ftags&post=218312"}],"curies":[{"name":"wp","href":"https:\/\/api.w.org\/{rel}","templated":true}]}}