{"id":218320,"date":"2022-02-13T06:30:27","date_gmt":"2022-02-13T04:30:27","guid":{"rendered":"http:\/\/107.6.182.27\/es\/?p=218320"},"modified":"2023-01-10T14:20:27","modified_gmt":"2023-01-10T12:20:27","slug":"detalles-sobre-la-operacion-de-liberar-el-nino-secuestrado-fawaz-al-qutayfan-en-deraa","status":"publish","type":"post","link":"https:\/\/archive.sana.sy\/es\/?p=218320","title":{"rendered":"Detalles sobre la operaci\u00f3n de liberar el ni\u00f1o secuestrado Fawaz Al-Qutayfan en Deraa"},"content":{"rendered":"<p style=\"text-align: justify;\"><span style=\"color: #800000;\"><strong>Deraa, 13 feb (SANA) \u00a0\u00a0<\/strong><\/span>\u00a0El ni\u00f1o secuestrado, Fawaz Al-Qatifan, de 8 a\u00f1os de edad, fue liberado hoy tras tres meses y diez d\u00edas de haber sido secuestrado en la ciudad de Ibtaa en la provincia sure\u00f1a de Deraa por una banda que exig\u00eda un rescate a cambio de su puesta en libertad.<\/p>\n<p style=\"text-align: justify;\">El comandante de polic\u00eda de Deraa, el general de brigada Dirar al-Dandal, dijo a los periodistas que \u201ctras un seguimiento continuo y en coordinaci\u00f3n con el Departamento de Seguridad Criminal y la Interpol, se detect\u00f3 el n\u00famero internacional a trav\u00e9s del cual los secuestradores contactaron a la familia del ni\u00f1o, y fueron detenidas cuatro personas, incluida la principal cuyo n\u00famero estaba vinculado al n\u00famero de los secuestradores\u201d.<\/p>\n<p style=\"text-align: justify;\">Los secuestradores contactaron con la familia del ni\u00f1o y se acord\u00f3 una fecha para su liberaci\u00f3n y la entrega del rescate, pero no cumplieron, precis\u00f3 el oficial.<\/p>\n<p style=\"text-align: justify;\">Al-Dandal continu\u00f3 que \u201clos secuestradores se pusieron en contacto con el t\u00edo del ni\u00f1o y le dieron una nueva cita en la carretera Deraa-Damasco cerca de la localidad de Nassib en la frontera con Jordania a las 17:00 horas y le pidieron que trajera el rescate con el padre del ni\u00f1o, pero los secuestradores volvieron a faltar a la cita, a pesar de que se instalaron emboscadas por las fuerzas sirias para capturar a los secuestrados\u201d.<\/p>\n<p style=\"text-align: justify;\"><img loading=\"lazy\" decoding=\"async\" class=\"size-medium wp-image-218322 alignleft\" src=\"http:\/\/107.6.182.27\/es\/wp-content\/uploads\/2022\/02\/photo_2022-02-12_22-21-53-300x207.jpg\" alt=\"\" width=\"300\" height=\"207\" srcset=\"https:\/\/archive.sana.sy\/es\/wp-content\/uploads\/2022\/02\/photo_2022-02-12_22-21-53-300x207.jpg 300w, https:\/\/archive.sana.sy\/es\/wp-content\/uploads\/2022\/02\/photo_2022-02-12_22-21-53-1024x705.jpg 1024w, https:\/\/archive.sana.sy\/es\/wp-content\/uploads\/2022\/02\/photo_2022-02-12_22-21-53-150x103.jpg 150w, https:\/\/archive.sana.sy\/es\/wp-content\/uploads\/2022\/02\/photo_2022-02-12_22-21-53-768x529.jpg 768w, https:\/\/archive.sana.sy\/es\/wp-content\/uploads\/2022\/02\/photo_2022-02-12_22-21-53-1536x1058.jpg 1536w, https:\/\/archive.sana.sy\/es\/wp-content\/uploads\/2022\/02\/photo_2022-02-12_22-21-53-2048x1411.jpg 2048w, https:\/\/archive.sana.sy\/es\/wp-content\/uploads\/2022\/02\/photo_2022-02-12_22-21-53-110x75.jpg 110w\" sizes=\"(max-width: 300px) 100vw, 300px\" \/>El comandante explic\u00f3 que los secuestradores volvieron a llamar y exigieron al padre del ni\u00f1o que se dirigiera a la ciudad de Nawa, en una zona donde se despliegan grupos armados, y aclar\u00f3 que la polic\u00eda no interfiri\u00f3 en el objetivo de preservar la vida del ni\u00f1o luego de que los secuestradores amenazaran con matarlo.<\/p>\n<p style=\"text-align: justify;\">Al-Dandal enfatiz\u00f3 que la polic\u00eda continuar\u00e1 sus esfuerzos hasta arrestar todos los integrantes de la banda.<\/p>\n<p style=\"text-align: justify;\">Por su parte, Muhammad Al-Qutaifan, padre del ni\u00f1o Fawaz, expres\u00f3 su gran alegr\u00eda por la liberaci\u00f3n de su hijo y su regreso con buena salud, y agradeci\u00f3 a todos los que sintieron el sufrimiento de la familia y a la polic\u00eda que hizo todo lo posible d\u00eda y noche para liberar al menor.<\/p>\n<p style=\"text-align: justify;\">&#8220;Esperamos que nuestra patria permanezca bien y en paz bajo el liderazgo del presidente Bashar al-Assad, a quien agradecemos su gran inter\u00e9s en la liberaci\u00f3n de nuestro hijo\u201d, manifest\u00f3 Al-Qutaifan.<\/p>\n<p style=\"text-align: justify;\">fm<\/p>\n","protected":false},"excerpt":{"rendered":"<p>Deraa, 13 feb (SANA) \u00a0\u00a0\u00a0El ni\u00f1o secuestrado, Fawaz Al-Qatifan, de 8 a\u00f1os de edad, fue liberado hoy tras tres meses y diez d\u00edas de haber sido secuestrado en la ciudad de Ibtaa en la provincia sure\u00f1a de Deraa por una banda que exig\u00eda un rescate a cambio de su puesta en libertad. El comandante de &hellip;<\/p>\n","protected":false},"author":34,"featured_media":218321,"comment_status":"closed","ping_status":"closed","sticky":false,"template":"","format":"standard","meta":{"footnotes":""},"categories":[447,477,597,476,457,7541],"tags":[],"class_list":["post-218320","post","type-post","status-publish","format-standard","has-post-thumbnail","","category-local-politica","category-noticias-edulcorantes","category-cinta-de-noticias","category-locales","category-noticias-arabe-internacional-politica","category-ultimas-noticias"],"_links":{"self":[{"href":"https:\/\/archive.sana.sy\/es\/index.php?rest_route=\/wp\/v2\/posts\/218320"}],"collection":[{"href":"https:\/\/archive.sana.sy\/es\/index.php?rest_route=\/wp\/v2\/posts"}],"about":[{"href":"https:\/\/archive.sana.sy\/es\/index.php?rest_route=\/wp\/v2\/types\/post"}],"author":[{"embeddable":true,"href":"https:\/\/archive.sana.sy\/es\/index.php?rest_route=\/wp\/v2\/users\/34"}],"replies":[{"embeddable":true,"href":"https:\/\/archive.sana.sy\/es\/index.php?rest_route=%2Fwp%2Fv2%2Fcomments&post=218320"}],"version-history":[{"count":0,"href":"https:\/\/archive.sana.sy\/es\/index.php?rest_route=\/wp\/v2\/posts\/218320\/revisions"}],"wp:featuredmedia":[{"embeddable":true,"href":"https:\/\/archive.sana.sy\/es\/index.php?rest_route=\/wp\/v2\/media\/218321"}],"wp:attachment":[{"href":"https:\/\/archive.sana.sy\/es\/index.php?rest_route=%2Fwp%2Fv2%2Fmedia&parent=218320"}],"wp:term":[{"taxonomy":"category","embeddable":true,"href":"https:\/\/archive.sana.sy\/es\/index.php?rest_route=%2Fwp%2Fv2%2Fcategories&post=218320"},{"taxonomy":"post_tag","embeddable":true,"href":"https:\/\/archive.sana.sy\/es\/index.php?rest_route=%2Fwp%2Fv2%2Ftags&post=218320"}],"curies":[{"name":"wp","href":"https:\/\/api.w.org\/{rel}","templated":true}]}}