{"id":218452,"date":"2022-02-14T12:45:43","date_gmt":"2022-02-14T10:45:43","guid":{"rendered":"http:\/\/107.6.182.27\/es\/?p=218452"},"modified":"2023-01-10T16:38:46","modified_gmt":"2023-01-10T14:38:46","slug":"colonos-israelies-profanan-nuevamente-la-sagrada-mezquita-al-aqsa","status":"publish","type":"post","link":"https:\/\/archive.sana.sy\/es\/?p=218452","title":{"rendered":"Colonos israel\u00edes profanan nuevamente la sagrada mezquita al-Aqsa"},"content":{"rendered":"<p style=\"text-align: justify;\"><strong><span style=\"color: #800000;\">Jerusal\u00e9n ocupada, 14 feb (SANA)\u00a0<\/span><\/strong> Decenas de colonos israel\u00edes allanaron este domingo la mezquita al-Aqsa en Jerusal\u00e9n ocupada bajo protecci\u00f3n de militares israel\u00edes.<\/p>\n<p style=\"text-align: justify;\">Seg\u00fan inform\u00f3 la agencia de noticias Wafa, los colonos irrumpieron este lugar santo desde la Puerta Mughrabi, donde realizaron recorridos provocativos en sus explanadas.<\/p>\n<p style=\"text-align: justify;\">Estos actos agresivos son muy frecuentes por los israel\u00edes en cumplimiento de sus planes de judaizar al-Aqsa.<\/p>\n<p style=\"text-align: justify;\"><em>ws\/fm<\/em><\/p>\n","protected":false},"excerpt":{"rendered":"<p>Jerusal\u00e9n ocupada, 14 feb (SANA)\u00a0 Decenas de colonos israel\u00edes allanaron este domingo la mezquita al-Aqsa en Jerusal\u00e9n ocupada bajo protecci\u00f3n de militares israel\u00edes. Seg\u00fan inform\u00f3 la agencia de noticias Wafa, los colonos irrumpieron este lugar santo desde la Puerta Mughrabi, donde realizaron recorridos provocativos en sus explanadas. Estos actos agresivos son muy frecuentes por los &hellip;<\/p>\n","protected":false},"author":35,"featured_media":218453,"comment_status":"closed","ping_status":"closed","sticky":false,"template":"","format":"standard","meta":{"footnotes":""},"categories":[597,456,7541],"tags":[],"class_list":["post-218452","post","type-post","status-publish","format-standard","has-post-thumbnail","","category-cinta-de-noticias","category-arabe-internacional-politica","category-ultimas-noticias"],"_links":{"self":[{"href":"https:\/\/archive.sana.sy\/es\/index.php?rest_route=\/wp\/v2\/posts\/218452"}],"collection":[{"href":"https:\/\/archive.sana.sy\/es\/index.php?rest_route=\/wp\/v2\/posts"}],"about":[{"href":"https:\/\/archive.sana.sy\/es\/index.php?rest_route=\/wp\/v2\/types\/post"}],"author":[{"embeddable":true,"href":"https:\/\/archive.sana.sy\/es\/index.php?rest_route=\/wp\/v2\/users\/35"}],"replies":[{"embeddable":true,"href":"https:\/\/archive.sana.sy\/es\/index.php?rest_route=%2Fwp%2Fv2%2Fcomments&post=218452"}],"version-history":[{"count":0,"href":"https:\/\/archive.sana.sy\/es\/index.php?rest_route=\/wp\/v2\/posts\/218452\/revisions"}],"wp:featuredmedia":[{"embeddable":true,"href":"https:\/\/archive.sana.sy\/es\/index.php?rest_route=\/wp\/v2\/media\/218453"}],"wp:attachment":[{"href":"https:\/\/archive.sana.sy\/es\/index.php?rest_route=%2Fwp%2Fv2%2Fmedia&parent=218452"}],"wp:term":[{"taxonomy":"category","embeddable":true,"href":"https:\/\/archive.sana.sy\/es\/index.php?rest_route=%2Fwp%2Fv2%2Fcategories&post=218452"},{"taxonomy":"post_tag","embeddable":true,"href":"https:\/\/archive.sana.sy\/es\/index.php?rest_route=%2Fwp%2Fv2%2Ftags&post=218452"}],"curies":[{"name":"wp","href":"https:\/\/api.w.org\/{rel}","templated":true}]}}