{"id":218466,"date":"2022-02-14T14:26:59","date_gmt":"2022-02-14T12:26:59","guid":{"rendered":"http:\/\/107.6.182.27\/es\/?p=218466"},"modified":"2022-02-14T14:26:59","modified_gmt":"2022-02-14T12:26:59","slug":"washington-planea-utilizar-celulas-terroristas-inactivas-en-siria","status":"publish","type":"post","link":"https:\/\/archive.sana.sy\/es\/?p=218466","title":{"rendered":"Washington planea utilizar c\u00e9lulas terroristas inactivas en Siria"},"content":{"rendered":"<p style=\"text-align: justify;\"><strong><span style=\"color: #800000;\">Mosc\u00fa, 14 feb (SANA)<\/span><\/strong>\u00a0 Rusia revel\u00f3 hoy informaciones sobre la intenci\u00f3n de la inteligencia estadounidense de utilizar c\u00e9lulas terroristas extremistas inactivas en Siria para llevar a cabo ataques contra el Ej\u00e9rcito \u00c1rabe Sirio.<\/p>\n<p style=\"text-align: justify;\">&#8220;El contingente de fuerzas rusas en Siria dispone de informaci\u00f3n sobre los planes de la inteligencia estadounidense para activar a extremistas en Siria para llevar a cabo ataques contra el ej\u00e9rcito sirio y los militares rusos e iran\u00edes&#8221;, revel\u00f3 el viceministro de Exteriores de Rusia, Oleg Siromolotov.<\/p>\n<p style=\"text-align: justify;\">Se\u00f1al\u00f3 que las fuerzas rusas en Siria est\u00e1n tomando las medidas adecuadas para hacer frente a posibles incidentes de este tipo.<\/p>\n<p style=\"text-align: justify;\"><em>fm\/ws<\/em><\/p>\n","protected":false},"excerpt":{"rendered":"<p>Mosc\u00fa, 14 feb (SANA)\u00a0 Rusia revel\u00f3 hoy informaciones sobre la intenci\u00f3n de la inteligencia estadounidense de utilizar c\u00e9lulas terroristas extremistas inactivas en Siria para llevar a cabo ataques contra el Ej\u00e9rcito \u00c1rabe Sirio. &#8220;El contingente de fuerzas rusas en Siria dispone de informaci\u00f3n sobre los planes de la inteligencia estadounidense para activar a extremistas en &hellip;<\/p>\n","protected":false},"author":35,"featured_media":218467,"comment_status":"closed","ping_status":"closed","sticky":false,"template":"","format":"standard","meta":{"footnotes":""},"categories":[597,467,7541],"tags":[],"class_list":["post-218466","post","type-post","status-publish","format-standard","has-post-thumbnail","","category-cinta-de-noticias","category-siria-y-el-mundo","category-ultimas-noticias"],"_links":{"self":[{"href":"https:\/\/archive.sana.sy\/es\/index.php?rest_route=\/wp\/v2\/posts\/218466"}],"collection":[{"href":"https:\/\/archive.sana.sy\/es\/index.php?rest_route=\/wp\/v2\/posts"}],"about":[{"href":"https:\/\/archive.sana.sy\/es\/index.php?rest_route=\/wp\/v2\/types\/post"}],"author":[{"embeddable":true,"href":"https:\/\/archive.sana.sy\/es\/index.php?rest_route=\/wp\/v2\/users\/35"}],"replies":[{"embeddable":true,"href":"https:\/\/archive.sana.sy\/es\/index.php?rest_route=%2Fwp%2Fv2%2Fcomments&post=218466"}],"version-history":[{"count":0,"href":"https:\/\/archive.sana.sy\/es\/index.php?rest_route=\/wp\/v2\/posts\/218466\/revisions"}],"wp:featuredmedia":[{"embeddable":true,"href":"https:\/\/archive.sana.sy\/es\/index.php?rest_route=\/wp\/v2\/media\/218467"}],"wp:attachment":[{"href":"https:\/\/archive.sana.sy\/es\/index.php?rest_route=%2Fwp%2Fv2%2Fmedia&parent=218466"}],"wp:term":[{"taxonomy":"category","embeddable":true,"href":"https:\/\/archive.sana.sy\/es\/index.php?rest_route=%2Fwp%2Fv2%2Fcategories&post=218466"},{"taxonomy":"post_tag","embeddable":true,"href":"https:\/\/archive.sana.sy\/es\/index.php?rest_route=%2Fwp%2Fv2%2Ftags&post=218466"}],"curies":[{"name":"wp","href":"https:\/\/api.w.org\/{rel}","templated":true}]}}