{"id":218550,"date":"2022-02-15T06:00:53","date_gmt":"2022-02-15T04:00:53","guid":{"rendered":"http:\/\/107.6.182.27\/es\/?p=218550"},"modified":"2023-01-10T14:20:23","modified_gmt":"2023-01-10T12:20:23","slug":"actualizacion-de-la-situacion-epidemiologica-sobre-la-covid-19-en-siria-3","status":"publish","type":"post","link":"https:\/\/archive.sana.sy\/es\/?p=218550","title":{"rendered":"Actualizaci\u00f3n de la situaci\u00f3n epidemiol\u00f3gica sobre la Covid-19 en Siria"},"content":{"rendered":"<p><span style=\"color: #800000;\"><strong>Damasco, 15 feb (SANA)\u00a0 \u00a0<\/strong><\/span>El Ministerio de Salud de Siria actualiz\u00f3 en su parte diario la situaci\u00f3n de la Covid-19 en el pa\u00eds de acuerdo a lo siguiente:<\/p>\n<p>???? 130 nuevos casos positivos para un total nacional de 52 mil 881.<\/p>\n<p>????Tres nuevos decesos y el total nacional es 3,032.<\/p>\n<p>???? 372 recuperados para un total de 43 mil 379 dados de alta m\u00e9dica.<\/p>\n<p>???? Los casos activos seis mil 470.<\/p>\n<p>????Las provincias con mayor n\u00famero de infectados son Latakia (40),\u00a0 Alepo (21), Homs (18) y Sweida \u00a0(12).<\/p>\n<p>Sepa m\u00e1s a trav\u00e9s de nuestras plataformas<\/p>\n<p>???????? Facebook https:\/\/www.facebook.com\/Agencia.SANA\/<\/p>\n<p>???????? Telegram\u00a0 https:\/\/t.me\/AgenciasiriaSANA<\/p>\n<p>???????? Instagram https:\/\/www.instagram.com\/agenciasiriasana\/<\/p>\n<p>???????? Twitter https:\/\/twitter.com\/SanaAgencia<\/p>\n","protected":false},"excerpt":{"rendered":"<p>Damasco, 15 feb (SANA)\u00a0 \u00a0El Ministerio de Salud de Siria actualiz\u00f3 en su parte diario la situaci\u00f3n de la Covid-19 en el pa\u00eds de acuerdo a lo siguiente: ???? 130 nuevos casos positivos para un total nacional de 52 mil 881. ????Tres nuevos decesos y el total nacional es 3,032. ???? 372 recuperados para un &hellip;<\/p>\n","protected":false},"author":34,"featured_media":218551,"comment_status":"closed","ping_status":"closed","sticky":false,"template":"","format":"standard","meta":{"footnotes":""},"categories":[447,477,597,476,457,583,7541],"tags":[],"class_list":["post-218550","post","type-post","status-publish","format-standard","has-post-thumbnail","","category-local-politica","category-noticias-edulcorantes","category-cinta-de-noticias","category-locales","category-noticias-arabe-internacional-politica","category-slide","category-ultimas-noticias"],"_links":{"self":[{"href":"https:\/\/archive.sana.sy\/es\/index.php?rest_route=\/wp\/v2\/posts\/218550"}],"collection":[{"href":"https:\/\/archive.sana.sy\/es\/index.php?rest_route=\/wp\/v2\/posts"}],"about":[{"href":"https:\/\/archive.sana.sy\/es\/index.php?rest_route=\/wp\/v2\/types\/post"}],"author":[{"embeddable":true,"href":"https:\/\/archive.sana.sy\/es\/index.php?rest_route=\/wp\/v2\/users\/34"}],"replies":[{"embeddable":true,"href":"https:\/\/archive.sana.sy\/es\/index.php?rest_route=%2Fwp%2Fv2%2Fcomments&post=218550"}],"version-history":[{"count":0,"href":"https:\/\/archive.sana.sy\/es\/index.php?rest_route=\/wp\/v2\/posts\/218550\/revisions"}],"wp:featuredmedia":[{"embeddable":true,"href":"https:\/\/archive.sana.sy\/es\/index.php?rest_route=\/wp\/v2\/media\/218551"}],"wp:attachment":[{"href":"https:\/\/archive.sana.sy\/es\/index.php?rest_route=%2Fwp%2Fv2%2Fmedia&parent=218550"}],"wp:term":[{"taxonomy":"category","embeddable":true,"href":"https:\/\/archive.sana.sy\/es\/index.php?rest_route=%2Fwp%2Fv2%2Fcategories&post=218550"},{"taxonomy":"post_tag","embeddable":true,"href":"https:\/\/archive.sana.sy\/es\/index.php?rest_route=%2Fwp%2Fv2%2Ftags&post=218550"}],"curies":[{"name":"wp","href":"https:\/\/api.w.org\/{rel}","templated":true}]}}