{"id":218566,"date":"2022-02-15T10:15:32","date_gmt":"2022-02-15T08:15:32","guid":{"rendered":"http:\/\/107.6.182.27\/es\/?p=218566"},"modified":"2022-02-15T10:15:32","modified_gmt":"2022-02-15T08:15:32","slug":"muere-un-militar-y-otros-11-resultan-heridos-por-explosion-de-bomba-en-un-autobus-militar-en-damasco","status":"publish","type":"post","link":"https:\/\/archive.sana.sy\/es\/?p=218566","title":{"rendered":"Muere un militar y otros 11 resultan heridos por explosi\u00f3n de bomba en un autob\u00fas militar en Damasco"},"content":{"rendered":"<p><strong><span style=\"color: #800000;\">Damasco, 15 feb (SANA)\u00a0<\/span><\/strong> Un militar perdi\u00f3 la vida y otros 11 resultaron heridos por explosi\u00f3n de bomba que fue colocada en un autob\u00fas militar en la capital Damasco.<\/p>\n<p>Una fuente militar coment\u00f3 que alrededor de las 7:25 am (hora local) de este martes 15 de febrero, una bomba colocada con anterioridad en un autob\u00fas militar estall\u00f3 cerca de la rotonda de Aduana en la ciudad de Damasco, lo que caus\u00f3 la muerte de un soldado y lesiones a otros 11.<\/p>\n<p>fm\/ed<\/p>\n","protected":false},"excerpt":{"rendered":"<p>Damasco, 15 feb (SANA)\u00a0 Un militar perdi\u00f3 la vida y otros 11 resultaron heridos por explosi\u00f3n de bomba que fue colocada en un autob\u00fas militar en la capital Damasco. Una fuente militar coment\u00f3 que alrededor de las 7:25 am (hora local) de este martes 15 de febrero, una bomba colocada con anterioridad en un autob\u00fas &hellip;<\/p>\n","protected":false},"author":32,"featured_media":218567,"comment_status":"closed","ping_status":"closed","sticky":false,"template":"","format":"standard","meta":{"footnotes":""},"categories":[477,597,476,583],"tags":[],"class_list":["post-218566","post","type-post","status-publish","format-standard","has-post-thumbnail","","category-noticias-edulcorantes","category-cinta-de-noticias","category-locales","category-slide"],"_links":{"self":[{"href":"https:\/\/archive.sana.sy\/es\/index.php?rest_route=\/wp\/v2\/posts\/218566"}],"collection":[{"href":"https:\/\/archive.sana.sy\/es\/index.php?rest_route=\/wp\/v2\/posts"}],"about":[{"href":"https:\/\/archive.sana.sy\/es\/index.php?rest_route=\/wp\/v2\/types\/post"}],"author":[{"embeddable":true,"href":"https:\/\/archive.sana.sy\/es\/index.php?rest_route=\/wp\/v2\/users\/32"}],"replies":[{"embeddable":true,"href":"https:\/\/archive.sana.sy\/es\/index.php?rest_route=%2Fwp%2Fv2%2Fcomments&post=218566"}],"version-history":[{"count":0,"href":"https:\/\/archive.sana.sy\/es\/index.php?rest_route=\/wp\/v2\/posts\/218566\/revisions"}],"wp:featuredmedia":[{"embeddable":true,"href":"https:\/\/archive.sana.sy\/es\/index.php?rest_route=\/wp\/v2\/media\/218567"}],"wp:attachment":[{"href":"https:\/\/archive.sana.sy\/es\/index.php?rest_route=%2Fwp%2Fv2%2Fmedia&parent=218566"}],"wp:term":[{"taxonomy":"category","embeddable":true,"href":"https:\/\/archive.sana.sy\/es\/index.php?rest_route=%2Fwp%2Fv2%2Fcategories&post=218566"},{"taxonomy":"post_tag","embeddable":true,"href":"https:\/\/archive.sana.sy\/es\/index.php?rest_route=%2Fwp%2Fv2%2Ftags&post=218566"}],"curies":[{"name":"wp","href":"https:\/\/api.w.org\/{rel}","templated":true}]}}