{"id":218590,"date":"2022-02-15T17:08:35","date_gmt":"2022-02-15T15:08:35","guid":{"rendered":"http:\/\/107.6.182.27\/es\/?p=218590"},"modified":"2023-01-10T14:20:22","modified_gmt":"2023-01-10T12:20:22","slug":"siria-firma-acuerdo-marco-para-unirse-a-la-alianza-internacional-de-energia-solar","status":"publish","type":"post","link":"https:\/\/archive.sana.sy\/es\/?p=218590","title":{"rendered":"Siria firma acuerdo marco para unirse a la Alianza Internacional de Energ\u00eda Solar"},"content":{"rendered":"<p style=\"text-align: justify\"><strong><span style=\"color: #800000\">Damasco, 15 feb (SANA)<\/span>\u00a0 \u00a0 <\/strong>El Gobierno sirio firm\u00f3 hoy el acuerdo marco para unirse a la Alianza Internacional de Energ\u00eda Solar.<\/p>\n<p style=\"text-align: justify\">El acuerdo fue rubricado por el ministro de Relaciones Exteriores y Expatriados, Faisal Al-Mekdad, en presencia del Embajador de India en Damasco.<\/p>\n<p style=\"text-align: justify\">Tras la suscrici\u00f3n del acuerdo, el Canciller sirio hizo una panor\u00e1mica sobre los significativos da\u00f1os que sufri\u00f3 el sector de energ\u00eda en Siria a consecuencia de los ataques terroristas que tuvieron como objetivo a las centrales y la infraestructura de la red el\u00e9ctrica.<\/p>\n<p style=\"text-align: justify\">Asimismo subray\u00f3 el impacto inhumana de las medidas coercitivas unilaterales en la vida cotidiana de la poblaci\u00f3n siria y todos los sectores vitales del pa\u00eds, incluido el energ\u00e9tico.<\/p>\n<p style=\"text-align: justify\">Esper\u00f3 que la adhesi\u00f3n de Siria a la alianza de energ\u00eda solar abriera la puerta a nuevos proyectos conjuntos que contribuyan a resolver los problemas del sector de electricidad en la misma.<\/p>\n<p style=\"text-align: justify\">Destac\u00f3 la necesidad de emplear las potencialidades de las buenas relaciones econ\u00f3micas entre Siria y la India en el alcance del bienestar de los dos pueblos amigos.<\/p>\n<p style=\"text-align: justify\">Por su parte, el embajador indio expres\u00f3 su satisfacci\u00f3n por la incorporaci\u00f3n de Siria a la Alianza Internacional de Energ\u00eda Solar, en la que La India desempe\u00f1a un papel protag\u00f3nico, y resalt\u00f3 la importancia de afianzar la cooperaci\u00f3n econ\u00f3mica siria-india en todas las \u00e1reas.<\/p>\n<p style=\"text-align: justify\"><em>fm\/ed\/la<\/em><\/p>\n","protected":false},"excerpt":{"rendered":"<p>Damasco, 15 feb (SANA)\u00a0 \u00a0 El Gobierno sirio firm\u00f3 hoy el acuerdo marco para unirse a la Alianza Internacional de Energ\u00eda Solar. El acuerdo fue rubricado por el ministro de Relaciones Exteriores y Expatriados, Faisal Al-Mekdad, en presencia del Embajador de India en Damasco. Tras la suscrici\u00f3n del acuerdo, el Canciller sirio hizo una panor\u00e1mica &hellip;<\/p>\n","protected":false},"author":32,"featured_media":218591,"comment_status":"closed","ping_status":"closed","sticky":false,"template":"","format":"standard","meta":{"footnotes":""},"categories":[447,477,597,476,457,583],"tags":[11127,6553],"class_list":["post-218590","post","type-post","status-publish","format-standard","has-post-thumbnail","","category-local-politica","category-noticias-edulcorantes","category-cinta-de-noticias","category-locales","category-noticias-arabe-internacional-politica","category-slide","tag-faisal-al-mekdad","tag-siria"],"_links":{"self":[{"href":"https:\/\/archive.sana.sy\/es\/index.php?rest_route=\/wp\/v2\/posts\/218590"}],"collection":[{"href":"https:\/\/archive.sana.sy\/es\/index.php?rest_route=\/wp\/v2\/posts"}],"about":[{"href":"https:\/\/archive.sana.sy\/es\/index.php?rest_route=\/wp\/v2\/types\/post"}],"author":[{"embeddable":true,"href":"https:\/\/archive.sana.sy\/es\/index.php?rest_route=\/wp\/v2\/users\/32"}],"replies":[{"embeddable":true,"href":"https:\/\/archive.sana.sy\/es\/index.php?rest_route=%2Fwp%2Fv2%2Fcomments&post=218590"}],"version-history":[{"count":0,"href":"https:\/\/archive.sana.sy\/es\/index.php?rest_route=\/wp\/v2\/posts\/218590\/revisions"}],"wp:featuredmedia":[{"embeddable":true,"href":"https:\/\/archive.sana.sy\/es\/index.php?rest_route=\/wp\/v2\/media\/218591"}],"wp:attachment":[{"href":"https:\/\/archive.sana.sy\/es\/index.php?rest_route=%2Fwp%2Fv2%2Fmedia&parent=218590"}],"wp:term":[{"taxonomy":"category","embeddable":true,"href":"https:\/\/archive.sana.sy\/es\/index.php?rest_route=%2Fwp%2Fv2%2Fcategories&post=218590"},{"taxonomy":"post_tag","embeddable":true,"href":"https:\/\/archive.sana.sy\/es\/index.php?rest_route=%2Fwp%2Fv2%2Ftags&post=218590"}],"curies":[{"name":"wp","href":"https:\/\/api.w.org\/{rel}","templated":true}]}}