{"id":218593,"date":"2022-02-15T12:20:19","date_gmt":"2022-02-15T10:20:19","guid":{"rendered":"http:\/\/107.6.182.27\/es\/?p=218593"},"modified":"2023-01-09T14:04:16","modified_gmt":"2023-01-09T12:04:16","slug":"actividad-cultural-protagonizada-por-reos-jovenes-en-la-prision-central-de-homs","status":"publish","type":"post","link":"https:\/\/archive.sana.sy\/es\/?p=218593","title":{"rendered":"Actividad cultural protagonizada por reos j\u00f3venes en la Prisi\u00f3n Central de Homs"},"content":{"rendered":"<p style=\"text-align: justify;\"><strong><span style=\"color: #800000;\">Homs, 15 feb (SANA)\u00a0<\/span> <\/strong>\u00a0 40 j\u00f3venes reclusos de la Prisi\u00f3n Central de Homs en el centro de Siria participaron en una sesi\u00f3n bajo el nombre de &#8220;Cuentacuentos Interactivo&#8221; organizada por el equipo &#8220;Talentos de Vida&#8221; del Departamento Provincial de Cultura.<\/p>\n<p style=\"text-align: justify;\">Seba Wassouf, responsable del equipo, explic\u00f3 en declaraciones a SANA, que la actividad est\u00e1 dirigida a j\u00f3venes reclusos y su objetivo es intercambiar opiniones e ideas y aprender sobre sus proyectos futuros despu\u00e9s de reintegrarse a su comunidad fuera de la prisi\u00f3n.<\/p>\n<p style=\"text-align: justify;\">&#8220;Se est\u00e1n haciendo preparativos actualmente para crear grupos de teatro y dibujos de los internos del c\u00e1rcel para participar en actividades culturales y exposiciones de dibujo&#8221;, precis\u00f3 Wassouf.<\/p>\n<p style=\"text-align: justify;\">40 j\u00f3venes reclusos de la Prisi\u00f3n Central de Homs en el centro de Siria participaron en una sesi\u00f3n del &#8220;Cuentacuentos Interactivo&#8221; cuya idea se centra en que cada recluso comparta su historia con los dem\u00e1s e intercambiar roles, y ello brinda oportunidad para que estos j\u00f3venes penados se beneficien de sus experiencias, adem\u00e1s de capacitarlos para discutir y desarrollar soluciones a los problemas y mantenerse alejados de la negatividad.<\/p>\n<p><em>fm\/ed<\/em><\/p>\n<div id='gallery-1' class='gallery galleryid-218593 gallery-columns-1 gallery-size-full'><figure class='gallery-item'>\n\t\t\t<div class='gallery-icon landscape'>\n\t\t\t\t<a href='https:\/\/archive.sana.sy\/es\/wp-content\/uploads\/2022\/02\/photo_2022-02-15_02-03-38-scaled.jpg'><img loading=\"lazy\" decoding=\"async\" width=\"2560\" height=\"1645\" src=\"https:\/\/archive.sana.sy\/es\/wp-content\/uploads\/2022\/02\/photo_2022-02-15_02-03-38-scaled.jpg\" class=\"attachment-full size-full\" alt=\"\" srcset=\"https:\/\/archive.sana.sy\/es\/wp-content\/uploads\/2022\/02\/photo_2022-02-15_02-03-38-scaled.jpg 2560w, https:\/\/archive.sana.sy\/es\/wp-content\/uploads\/2022\/02\/photo_2022-02-15_02-03-38-300x193.jpg 300w, https:\/\/archive.sana.sy\/es\/wp-content\/uploads\/2022\/02\/photo_2022-02-15_02-03-38-1024x658.jpg 1024w, https:\/\/archive.sana.sy\/es\/wp-content\/uploads\/2022\/02\/photo_2022-02-15_02-03-38-150x96.jpg 150w, https:\/\/archive.sana.sy\/es\/wp-content\/uploads\/2022\/02\/photo_2022-02-15_02-03-38-768x494.jpg 768w, https:\/\/archive.sana.sy\/es\/wp-content\/uploads\/2022\/02\/photo_2022-02-15_02-03-38-1536x987.jpg 1536w, https:\/\/archive.sana.sy\/es\/wp-content\/uploads\/2022\/02\/photo_2022-02-15_02-03-38-2048x1316.jpg 2048w\" sizes=\"(max-width: 2560px) 100vw, 2560px\" \/><\/a>\n\t\t\t<\/div><\/figure><figure class='gallery-item'>\n\t\t\t<div class='gallery-icon landscape'>\n\t\t\t\t<a href='https:\/\/archive.sana.sy\/es\/wp-content\/uploads\/2022\/02\/photo_2022-02-15_02-04-11-scaled.jpg'><img loading=\"lazy\" decoding=\"async\" width=\"2560\" height=\"1669\" src=\"https:\/\/archive.sana.sy\/es\/wp-content\/uploads\/2022\/02\/photo_2022-02-15_02-04-11-scaled.jpg\" class=\"attachment-full size-full\" alt=\"\" srcset=\"https:\/\/archive.sana.sy\/es\/wp-content\/uploads\/2022\/02\/photo_2022-02-15_02-04-11-scaled.jpg 2560w, https:\/\/archive.sana.sy\/es\/wp-content\/uploads\/2022\/02\/photo_2022-02-15_02-04-11-300x196.jpg 300w, https:\/\/archive.sana.sy\/es\/wp-content\/uploads\/2022\/02\/photo_2022-02-15_02-04-11-1024x668.jpg 1024w, https:\/\/archive.sana.sy\/es\/wp-content\/uploads\/2022\/02\/photo_2022-02-15_02-04-11-150x98.jpg 150w, https:\/\/archive.sana.sy\/es\/wp-content\/uploads\/2022\/02\/photo_2022-02-15_02-04-11-768x501.jpg 768w, https:\/\/archive.sana.sy\/es\/wp-content\/uploads\/2022\/02\/photo_2022-02-15_02-04-11-1536x1001.jpg 1536w, https:\/\/archive.sana.sy\/es\/wp-content\/uploads\/2022\/02\/photo_2022-02-15_02-04-11-2048x1335.jpg 2048w\" sizes=\"(max-width: 2560px) 100vw, 2560px\" \/><\/a>\n\t\t\t<\/div><\/figure>\n\t\t<\/div>\n\n","protected":false},"excerpt":{"rendered":"<p>Homs, 15 feb (SANA)\u00a0 \u00a0 40 j\u00f3venes reclusos de la Prisi\u00f3n Central de Homs en el centro de Siria participaron en una sesi\u00f3n bajo el nombre de &#8220;Cuentacuentos Interactivo&#8221; organizada por el equipo &#8220;Talentos de Vida&#8221; del Departamento Provincial de Cultura. Seba Wassouf, responsable del equipo, explic\u00f3 en declaraciones a SANA, que la actividad est\u00e1 &hellip;<\/p>\n","protected":false},"author":32,"featured_media":218594,"comment_status":"closed","ping_status":"closed","sticky":false,"template":"","format":"standard","meta":{"footnotes":""},"categories":[597,476,7541],"tags":[],"class_list":["post-218593","post","type-post","status-publish","format-standard","has-post-thumbnail","","category-cinta-de-noticias","category-locales","category-ultimas-noticias"],"_links":{"self":[{"href":"https:\/\/archive.sana.sy\/es\/index.php?rest_route=\/wp\/v2\/posts\/218593"}],"collection":[{"href":"https:\/\/archive.sana.sy\/es\/index.php?rest_route=\/wp\/v2\/posts"}],"about":[{"href":"https:\/\/archive.sana.sy\/es\/index.php?rest_route=\/wp\/v2\/types\/post"}],"author":[{"embeddable":true,"href":"https:\/\/archive.sana.sy\/es\/index.php?rest_route=\/wp\/v2\/users\/32"}],"replies":[{"embeddable":true,"href":"https:\/\/archive.sana.sy\/es\/index.php?rest_route=%2Fwp%2Fv2%2Fcomments&post=218593"}],"version-history":[{"count":0,"href":"https:\/\/archive.sana.sy\/es\/index.php?rest_route=\/wp\/v2\/posts\/218593\/revisions"}],"wp:featuredmedia":[{"embeddable":true,"href":"https:\/\/archive.sana.sy\/es\/index.php?rest_route=\/wp\/v2\/media\/218594"}],"wp:attachment":[{"href":"https:\/\/archive.sana.sy\/es\/index.php?rest_route=%2Fwp%2Fv2%2Fmedia&parent=218593"}],"wp:term":[{"taxonomy":"category","embeddable":true,"href":"https:\/\/archive.sana.sy\/es\/index.php?rest_route=%2Fwp%2Fv2%2Fcategories&post=218593"},{"taxonomy":"post_tag","embeddable":true,"href":"https:\/\/archive.sana.sy\/es\/index.php?rest_route=%2Fwp%2Fv2%2Ftags&post=218593"}],"curies":[{"name":"wp","href":"https:\/\/api.w.org\/{rel}","templated":true}]}}