{"id":218603,"date":"2022-02-15T14:39:05","date_gmt":"2022-02-15T12:39:05","guid":{"rendered":"http:\/\/107.6.182.27\/es\/?p=218603"},"modified":"2023-01-10T14:20:23","modified_gmt":"2023-01-10T12:20:23","slug":"raqa-y-deir-ezzor-presencian-exitoso-proceso-de-reconciliacion","status":"publish","type":"post","link":"https:\/\/archive.sana.sy\/es\/?p=218603","title":{"rendered":"Raqa y Deir Ezzor presencian exitoso proceso de reconciliaci\u00f3n"},"content":{"rendered":"<p style=\"text-align: justify;\"><strong><span style=\"color: #800000;\">Deir Ezzor, Raqa 15 feb (SANA)<\/span> <\/strong>Contin\u00faa con \u00e9xito el proceso de reconciliaci\u00f3n integral destinado a la normalizaci\u00f3n del estatus jur\u00eddico de los pr\u00f3fugos y militares fugitivos que quieren volver a las filas del Ejercito \u00c1rabe Sirio en Deir Ezzor, cabecera de la provincia oriental del mismo nombre.<\/p>\n<p style=\"text-align: justify;\">Por cuatro mes consecutivo, m\u00e1s de 33 mil personas se beneficiaron de este proceso, report\u00f3 el corresponsal de SANA.<\/p>\n<p style=\"text-align: justify;\">En un contexto similar, contin\u00faa el proceso de reconciliaci\u00f3n en la ciudad de Sabkha en la provincia nororiental de Raqa.<\/p>\n<p style=\"text-align: justify;\">El referido centro recibi\u00f3 a cientos de personas que decidieron regularizar su estado jur\u00eddico a pesar de las dificultades y obst\u00e1culos que impone la milicia Fuerzas Democr\u00e1ticas Sirias (FDS), apoyada por EE.UU. para impedirles de unirse a la reconciliaci\u00f3n, seg\u00fan inform\u00f3 el reportero de SANA.<\/p>\n<p style=\"text-align: justify;\"><em>ed\/fm<\/em><\/p>\n<div id='gallery-1' class='gallery galleryid-218603 gallery-columns-1 gallery-size-full'><figure class='gallery-item'>\n\t\t\t<div class='gallery-icon landscape'>\n\t\t\t\t<a href='https:\/\/archive.sana.sy\/es\/wp-content\/uploads\/2022\/02\/photo_2022-02-15_09-56-59-scaled.jpg'><img loading=\"lazy\" decoding=\"async\" width=\"2560\" height=\"1378\" src=\"https:\/\/archive.sana.sy\/es\/wp-content\/uploads\/2022\/02\/photo_2022-02-15_09-56-59-scaled.jpg\" class=\"attachment-full size-full\" alt=\"\" srcset=\"https:\/\/archive.sana.sy\/es\/wp-content\/uploads\/2022\/02\/photo_2022-02-15_09-56-59-scaled.jpg 2560w, https:\/\/archive.sana.sy\/es\/wp-content\/uploads\/2022\/02\/photo_2022-02-15_09-56-59-300x161.jpg 300w, https:\/\/archive.sana.sy\/es\/wp-content\/uploads\/2022\/02\/photo_2022-02-15_09-56-59-1024x551.jpg 1024w, https:\/\/archive.sana.sy\/es\/wp-content\/uploads\/2022\/02\/photo_2022-02-15_09-56-59-150x81.jpg 150w, https:\/\/archive.sana.sy\/es\/wp-content\/uploads\/2022\/02\/photo_2022-02-15_09-56-59-768x413.jpg 768w, https:\/\/archive.sana.sy\/es\/wp-content\/uploads\/2022\/02\/photo_2022-02-15_09-56-59-1536x827.jpg 1536w, https:\/\/archive.sana.sy\/es\/wp-content\/uploads\/2022\/02\/photo_2022-02-15_09-56-59-2048x1102.jpg 2048w\" sizes=\"(max-width: 2560px) 100vw, 2560px\" \/><\/a>\n\t\t\t<\/div><\/figure><figure class='gallery-item'>\n\t\t\t<div class='gallery-icon landscape'>\n\t\t\t\t<a href='https:\/\/archive.sana.sy\/es\/wp-content\/uploads\/2022\/02\/photo_2022-02-15_09-58-00-scaled.jpg'><img loading=\"lazy\" decoding=\"async\" width=\"2560\" height=\"1441\" src=\"https:\/\/archive.sana.sy\/es\/wp-content\/uploads\/2022\/02\/photo_2022-02-15_09-58-00-scaled.jpg\" class=\"attachment-full size-full\" alt=\"\" srcset=\"https:\/\/archive.sana.sy\/es\/wp-content\/uploads\/2022\/02\/photo_2022-02-15_09-58-00-scaled.jpg 2560w, https:\/\/archive.sana.sy\/es\/wp-content\/uploads\/2022\/02\/photo_2022-02-15_09-58-00-300x169.jpg 300w, https:\/\/archive.sana.sy\/es\/wp-content\/uploads\/2022\/02\/photo_2022-02-15_09-58-00-1024x576.jpg 1024w, https:\/\/archive.sana.sy\/es\/wp-content\/uploads\/2022\/02\/photo_2022-02-15_09-58-00-150x84.jpg 150w, https:\/\/archive.sana.sy\/es\/wp-content\/uploads\/2022\/02\/photo_2022-02-15_09-58-00-768x432.jpg 768w, https:\/\/archive.sana.sy\/es\/wp-content\/uploads\/2022\/02\/photo_2022-02-15_09-58-00-1536x864.jpg 1536w, https:\/\/archive.sana.sy\/es\/wp-content\/uploads\/2022\/02\/photo_2022-02-15_09-58-00-2048x1153.jpg 2048w\" sizes=\"(max-width: 2560px) 100vw, 2560px\" \/><\/a>\n\t\t\t<\/div><\/figure><figure class='gallery-item'>\n\t\t\t<div class='gallery-icon landscape'>\n\t\t\t\t<a href='https:\/\/archive.sana.sy\/es\/wp-content\/uploads\/2022\/02\/photo_2022-02-15_09-58-03-scaled.jpg'><img loading=\"lazy\" decoding=\"async\" width=\"2560\" height=\"1413\" src=\"https:\/\/archive.sana.sy\/es\/wp-content\/uploads\/2022\/02\/photo_2022-02-15_09-58-03-scaled.jpg\" class=\"attachment-full size-full\" alt=\"\" srcset=\"https:\/\/archive.sana.sy\/es\/wp-content\/uploads\/2022\/02\/photo_2022-02-15_09-58-03-scaled.jpg 2560w, https:\/\/archive.sana.sy\/es\/wp-content\/uploads\/2022\/02\/photo_2022-02-15_09-58-03-300x166.jpg 300w, https:\/\/archive.sana.sy\/es\/wp-content\/uploads\/2022\/02\/photo_2022-02-15_09-58-03-1024x565.jpg 1024w, https:\/\/archive.sana.sy\/es\/wp-content\/uploads\/2022\/02\/photo_2022-02-15_09-58-03-150x83.jpg 150w, https:\/\/archive.sana.sy\/es\/wp-content\/uploads\/2022\/02\/photo_2022-02-15_09-58-03-768x424.jpg 768w, https:\/\/archive.sana.sy\/es\/wp-content\/uploads\/2022\/02\/photo_2022-02-15_09-58-03-1536x848.jpg 1536w, https:\/\/archive.sana.sy\/es\/wp-content\/uploads\/2022\/02\/photo_2022-02-15_09-58-03-2048x1131.jpg 2048w\" sizes=\"(max-width: 2560px) 100vw, 2560px\" \/><\/a>\n\t\t\t<\/div><\/figure>\n\t\t<\/div>\n\n<div id='gallery-2' class='gallery galleryid-218603 gallery-columns-1 gallery-size-full'><figure class='gallery-item'>\n\t\t\t<div class='gallery-icon landscape'>\n\t\t\t\t<a href='https:\/\/archive.sana.sy\/es\/wp-content\/uploads\/2022\/02\/photo_2022-02-15_11-55-28-scaled.jpg'><img loading=\"lazy\" decoding=\"async\" width=\"2560\" height=\"1236\" src=\"https:\/\/archive.sana.sy\/es\/wp-content\/uploads\/2022\/02\/photo_2022-02-15_11-55-28-scaled.jpg\" class=\"attachment-full size-full\" alt=\"\" srcset=\"https:\/\/archive.sana.sy\/es\/wp-content\/uploads\/2022\/02\/photo_2022-02-15_11-55-28-scaled.jpg 2560w, https:\/\/archive.sana.sy\/es\/wp-content\/uploads\/2022\/02\/photo_2022-02-15_11-55-28-300x145.jpg 300w, https:\/\/archive.sana.sy\/es\/wp-content\/uploads\/2022\/02\/photo_2022-02-15_11-55-28-1024x495.jpg 1024w, https:\/\/archive.sana.sy\/es\/wp-content\/uploads\/2022\/02\/photo_2022-02-15_11-55-28-150x72.jpg 150w, https:\/\/archive.sana.sy\/es\/wp-content\/uploads\/2022\/02\/photo_2022-02-15_11-55-28-768x371.jpg 768w, https:\/\/archive.sana.sy\/es\/wp-content\/uploads\/2022\/02\/photo_2022-02-15_11-55-28-1536x742.jpg 1536w, https:\/\/archive.sana.sy\/es\/wp-content\/uploads\/2022\/02\/photo_2022-02-15_11-55-28-2048x989.jpg 2048w\" sizes=\"(max-width: 2560px) 100vw, 2560px\" \/><\/a>\n\t\t\t<\/div><\/figure><figure class='gallery-item'>\n\t\t\t<div class='gallery-icon landscape'>\n\t\t\t\t<a href='https:\/\/archive.sana.sy\/es\/wp-content\/uploads\/2022\/02\/photo_2022-02-15_11-55-45-scaled.jpg'><img loading=\"lazy\" decoding=\"async\" width=\"2560\" height=\"1440\" src=\"https:\/\/archive.sana.sy\/es\/wp-content\/uploads\/2022\/02\/photo_2022-02-15_11-55-45-scaled.jpg\" class=\"attachment-full size-full\" alt=\"\" srcset=\"https:\/\/archive.sana.sy\/es\/wp-content\/uploads\/2022\/02\/photo_2022-02-15_11-55-45-scaled.jpg 2560w, https:\/\/archive.sana.sy\/es\/wp-content\/uploads\/2022\/02\/photo_2022-02-15_11-55-45-300x169.jpg 300w, https:\/\/archive.sana.sy\/es\/wp-content\/uploads\/2022\/02\/photo_2022-02-15_11-55-45-1024x576.jpg 1024w, https:\/\/archive.sana.sy\/es\/wp-content\/uploads\/2022\/02\/photo_2022-02-15_11-55-45-150x84.jpg 150w, https:\/\/archive.sana.sy\/es\/wp-content\/uploads\/2022\/02\/photo_2022-02-15_11-55-45-768x432.jpg 768w, https:\/\/archive.sana.sy\/es\/wp-content\/uploads\/2022\/02\/photo_2022-02-15_11-55-45-1536x864.jpg 1536w, https:\/\/archive.sana.sy\/es\/wp-content\/uploads\/2022\/02\/photo_2022-02-15_11-55-45-2048x1152.jpg 2048w\" sizes=\"(max-width: 2560px) 100vw, 2560px\" \/><\/a>\n\t\t\t<\/div><\/figure><figure class='gallery-item'>\n\t\t\t<div class='gallery-icon landscape'>\n\t\t\t\t<a href='https:\/\/archive.sana.sy\/es\/wp-content\/uploads\/2022\/02\/photo_2022-02-15_11-56-09-scaled.jpg'><img loading=\"lazy\" decoding=\"async\" width=\"2560\" height=\"1440\" src=\"https:\/\/archive.sana.sy\/es\/wp-content\/uploads\/2022\/02\/photo_2022-02-15_11-56-09-scaled.jpg\" class=\"attachment-full size-full\" alt=\"\" srcset=\"https:\/\/archive.sana.sy\/es\/wp-content\/uploads\/2022\/02\/photo_2022-02-15_11-56-09-scaled.jpg 2560w, https:\/\/archive.sana.sy\/es\/wp-content\/uploads\/2022\/02\/photo_2022-02-15_11-56-09-300x169.jpg 300w, https:\/\/archive.sana.sy\/es\/wp-content\/uploads\/2022\/02\/photo_2022-02-15_11-56-09-1024x576.jpg 1024w, https:\/\/archive.sana.sy\/es\/wp-content\/uploads\/2022\/02\/photo_2022-02-15_11-56-09-150x84.jpg 150w, https:\/\/archive.sana.sy\/es\/wp-content\/uploads\/2022\/02\/photo_2022-02-15_11-56-09-768x432.jpg 768w, https:\/\/archive.sana.sy\/es\/wp-content\/uploads\/2022\/02\/photo_2022-02-15_11-56-09-1536x864.jpg 1536w, https:\/\/archive.sana.sy\/es\/wp-content\/uploads\/2022\/02\/photo_2022-02-15_11-56-09-2048x1152.jpg 2048w\" sizes=\"(max-width: 2560px) 100vw, 2560px\" \/><\/a>\n\t\t\t<\/div><\/figure>\n\t\t<\/div>\n\n","protected":false},"excerpt":{"rendered":"<p>Deir Ezzor, Raqa 15 feb (SANA) Contin\u00faa con \u00e9xito el proceso de reconciliaci\u00f3n integral destinado a la normalizaci\u00f3n del estatus jur\u00eddico de los pr\u00f3fugos y militares fugitivos que quieren volver a las filas del Ejercito \u00c1rabe Sirio en Deir Ezzor, cabecera de la provincia oriental del mismo nombre. Por cuatro mes consecutivo, m\u00e1s de 33 &hellip;<\/p>\n","protected":false},"author":32,"featured_media":218604,"comment_status":"closed","ping_status":"closed","sticky":false,"template":"","format":"standard","meta":{"footnotes":""},"categories":[447,597,457,583],"tags":[],"class_list":["post-218603","post","type-post","status-publish","format-standard","has-post-thumbnail","","category-local-politica","category-cinta-de-noticias","category-noticias-arabe-internacional-politica","category-slide"],"_links":{"self":[{"href":"https:\/\/archive.sana.sy\/es\/index.php?rest_route=\/wp\/v2\/posts\/218603"}],"collection":[{"href":"https:\/\/archive.sana.sy\/es\/index.php?rest_route=\/wp\/v2\/posts"}],"about":[{"href":"https:\/\/archive.sana.sy\/es\/index.php?rest_route=\/wp\/v2\/types\/post"}],"author":[{"embeddable":true,"href":"https:\/\/archive.sana.sy\/es\/index.php?rest_route=\/wp\/v2\/users\/32"}],"replies":[{"embeddable":true,"href":"https:\/\/archive.sana.sy\/es\/index.php?rest_route=%2Fwp%2Fv2%2Fcomments&post=218603"}],"version-history":[{"count":0,"href":"https:\/\/archive.sana.sy\/es\/index.php?rest_route=\/wp\/v2\/posts\/218603\/revisions"}],"wp:featuredmedia":[{"embeddable":true,"href":"https:\/\/archive.sana.sy\/es\/index.php?rest_route=\/wp\/v2\/media\/218604"}],"wp:attachment":[{"href":"https:\/\/archive.sana.sy\/es\/index.php?rest_route=%2Fwp%2Fv2%2Fmedia&parent=218603"}],"wp:term":[{"taxonomy":"category","embeddable":true,"href":"https:\/\/archive.sana.sy\/es\/index.php?rest_route=%2Fwp%2Fv2%2Fcategories&post=218603"},{"taxonomy":"post_tag","embeddable":true,"href":"https:\/\/archive.sana.sy\/es\/index.php?rest_route=%2Fwp%2Fv2%2Ftags&post=218603"}],"curies":[{"name":"wp","href":"https:\/\/api.w.org\/{rel}","templated":true}]}}