{"id":218669,"date":"2022-02-15T20:27:22","date_gmt":"2022-02-15T18:27:22","guid":{"rendered":"http:\/\/107.6.182.27\/es\/?p=218669"},"modified":"2022-02-15T20:27:22","modified_gmt":"2022-02-15T18:27:22","slug":"mueren-dos-ninos-hermanos-en-hama-por-explosion-de-mina-remanente-de-terroristas","status":"publish","type":"post","link":"https:\/\/archive.sana.sy\/es\/?p=218669","title":{"rendered":"Mueren dos ni\u00f1os hermanos en Hama por explosi\u00f3n de mina remanente de terroristas"},"content":{"rendered":"<p style=\"text-align: justify;\"><span style=\"color: #800000;\"><strong>Hama, 15 feb (SANA)\u00a0<\/strong><\/span> \u00a0Dos ni\u00f1os hermanos perdieron la vida al estallarse una mina remanente de terroristas en la aldea de Kleb al-Thaour en el municipio de Salamieh en este de Hama, segin inform\u00f3 el corresponsal de SANA.<\/p>\n<p style=\"text-align: justify;\">El pasado 13 de enero, un ni\u00f1o result\u00f3 gravemente tras la explosi\u00f3n de una mina planteada por terroristas en la aldea de Jana Al-Albawi, en el campo oriental de Hama.<\/p>\n<p>&nbsp;<\/p>\n<p><em>mm<\/em><\/p>\n","protected":false},"excerpt":{"rendered":"<p>Hama, 15 feb (SANA)\u00a0 \u00a0Dos ni\u00f1os hermanos perdieron la vida al estallarse una mina remanente de terroristas en la aldea de Kleb al-Thaour en el municipio de Salamieh en este de Hama, segin inform\u00f3 el corresponsal de SANA. El pasado 13 de enero, un ni\u00f1o result\u00f3 gravemente tras la explosi\u00f3n de una mina planteada por &hellip;<\/p>\n","protected":false},"author":36,"featured_media":218670,"comment_status":"closed","ping_status":"closed","sticky":false,"template":"","format":"standard","meta":{"footnotes":""},"categories":[477,597,573,7541],"tags":[],"class_list":["post-218669","post","type-post","status-publish","format-standard","has-post-thumbnail","","category-noticias-edulcorantes","category-cinta-de-noticias","category-la-realidad-de-los-acontecimientos-en-siria","category-ultimas-noticias"],"_links":{"self":[{"href":"https:\/\/archive.sana.sy\/es\/index.php?rest_route=\/wp\/v2\/posts\/218669"}],"collection":[{"href":"https:\/\/archive.sana.sy\/es\/index.php?rest_route=\/wp\/v2\/posts"}],"about":[{"href":"https:\/\/archive.sana.sy\/es\/index.php?rest_route=\/wp\/v2\/types\/post"}],"author":[{"embeddable":true,"href":"https:\/\/archive.sana.sy\/es\/index.php?rest_route=\/wp\/v2\/users\/36"}],"replies":[{"embeddable":true,"href":"https:\/\/archive.sana.sy\/es\/index.php?rest_route=%2Fwp%2Fv2%2Fcomments&post=218669"}],"version-history":[{"count":0,"href":"https:\/\/archive.sana.sy\/es\/index.php?rest_route=\/wp\/v2\/posts\/218669\/revisions"}],"wp:featuredmedia":[{"embeddable":true,"href":"https:\/\/archive.sana.sy\/es\/index.php?rest_route=\/wp\/v2\/media\/218670"}],"wp:attachment":[{"href":"https:\/\/archive.sana.sy\/es\/index.php?rest_route=%2Fwp%2Fv2%2Fmedia&parent=218669"}],"wp:term":[{"taxonomy":"category","embeddable":true,"href":"https:\/\/archive.sana.sy\/es\/index.php?rest_route=%2Fwp%2Fv2%2Fcategories&post=218669"},{"taxonomy":"post_tag","embeddable":true,"href":"https:\/\/archive.sana.sy\/es\/index.php?rest_route=%2Fwp%2Fv2%2Ftags&post=218669"}],"curies":[{"name":"wp","href":"https:\/\/api.w.org\/{rel}","templated":true}]}}