{"id":218722,"date":"2022-02-16T16:40:19","date_gmt":"2022-02-16T14:40:19","guid":{"rendered":"http:\/\/107.6.182.27\/es\/?p=218722"},"modified":"2022-02-16T16:40:31","modified_gmt":"2022-02-16T14:40:31","slug":"canciller-sirio-recibe-a-enviado-especial-de-la-onu-para-siria","status":"publish","type":"post","link":"https:\/\/archive.sana.sy\/es\/?p=218722","title":{"rendered":"Canciller sirio recibe al Enviado Especial de la ONU para Siria"},"content":{"rendered":"<p style=\"text-align: justify\"><strong><span style=\"color: #800000\">Damasco, 16 feb (SANA)\u00a0 \u00a0<\/span><\/strong>El ministro de Exteriores y Expatriados, Faisal al-Mekdad, se reuni\u00f3 hoy con el Enviado Especial de la ONU para Siria, Geir Pedersen, y la delegaci\u00f3n que le acompa\u00f1a.<\/p>\n<p style=\"text-align: justify\">Las dos partes discutieron las \u00faltimas evoluciones relativas a la situaci\u00f3n en Siria, incluidos los esfuerzos realizados por el Estado sirio para consolidar la estabilidad, en particular mediante la ampliaci\u00f3n del alcance de los procesos de reconciliaci\u00f3n, adem\u00e1s de los \u00faltimos acontecimientos relacionados con el proceso pol\u00edtico.<\/p>\n<p style=\"text-align: justify\">\u201cLa presencia continua de las fuerzas de ocupaci\u00f3n estadounidenses y turcas en partes del territorio sirio viola la soberan\u00eda siria y el derecho internacional y todas las resoluciones relevantes del Consejo de Seguridad\u201d, dijo el jefe de la diplomacia siria.<\/p>\n<p style=\"text-align: justify\">Reiter\u00f3 que las medidas coercitivas unilaterales impuestas al pa\u00eds son la principal causa del sufrimiento de los sirios.<\/p>\n<p style=\"text-align: justify\">Por su parte, el Enviado Especial, Pedersen, explic\u00f3 los resultados de las recientes giras que realiz\u00f3 por varios pa\u00edses y los esfuerzos realizados para retomar el trabajo del Comit\u00e9 de Debate de la Constituci\u00f3n.<\/p>\n<p style=\"text-align: justify\">ed\/fm<\/p>\n","protected":false},"excerpt":{"rendered":"<p>Damasco, 16 feb (SANA)\u00a0 \u00a0El ministro de Exteriores y Expatriados, Faisal al-Mekdad, se reuni\u00f3 hoy con el Enviado Especial de la ONU para Siria, Geir Pedersen, y la delegaci\u00f3n que le acompa\u00f1a. Las dos partes discutieron las \u00faltimas evoluciones relativas a la situaci\u00f3n en Siria, incluidos los esfuerzos realizados por el Estado sirio para consolidar &hellip;<\/p>\n","protected":false},"author":32,"featured_media":218723,"comment_status":"closed","ping_status":"closed","sticky":false,"template":"","format":"standard","meta":{"footnotes":""},"categories":[597,467,583],"tags":[],"class_list":["post-218722","post","type-post","status-publish","format-standard","has-post-thumbnail","","category-cinta-de-noticias","category-siria-y-el-mundo","category-slide"],"_links":{"self":[{"href":"https:\/\/archive.sana.sy\/es\/index.php?rest_route=\/wp\/v2\/posts\/218722"}],"collection":[{"href":"https:\/\/archive.sana.sy\/es\/index.php?rest_route=\/wp\/v2\/posts"}],"about":[{"href":"https:\/\/archive.sana.sy\/es\/index.php?rest_route=\/wp\/v2\/types\/post"}],"author":[{"embeddable":true,"href":"https:\/\/archive.sana.sy\/es\/index.php?rest_route=\/wp\/v2\/users\/32"}],"replies":[{"embeddable":true,"href":"https:\/\/archive.sana.sy\/es\/index.php?rest_route=%2Fwp%2Fv2%2Fcomments&post=218722"}],"version-history":[{"count":0,"href":"https:\/\/archive.sana.sy\/es\/index.php?rest_route=\/wp\/v2\/posts\/218722\/revisions"}],"wp:featuredmedia":[{"embeddable":true,"href":"https:\/\/archive.sana.sy\/es\/index.php?rest_route=\/wp\/v2\/media\/218723"}],"wp:attachment":[{"href":"https:\/\/archive.sana.sy\/es\/index.php?rest_route=%2Fwp%2Fv2%2Fmedia&parent=218722"}],"wp:term":[{"taxonomy":"category","embeddable":true,"href":"https:\/\/archive.sana.sy\/es\/index.php?rest_route=%2Fwp%2Fv2%2Fcategories&post=218722"},{"taxonomy":"post_tag","embeddable":true,"href":"https:\/\/archive.sana.sy\/es\/index.php?rest_route=%2Fwp%2Fv2%2Ftags&post=218722"}],"curies":[{"name":"wp","href":"https:\/\/api.w.org\/{rel}","templated":true}]}}