{"id":218728,"date":"2022-02-16T15:14:09","date_gmt":"2022-02-16T13:14:09","guid":{"rendered":"http:\/\/107.6.182.27\/es\/?p=218728"},"modified":"2022-02-16T18:23:21","modified_gmt":"2022-02-16T16:23:21","slug":"oftalmologo-sirio-condecorado-por-putin-espera-crear-centro-de-investigacion-altamente-desarrollado-en-damasco","status":"publish","type":"post","link":"https:\/\/archive.sana.sy\/es\/?p=218728","title":{"rendered":"Oftalm\u00f3logo sirio condecorado por Putin espera crear centro de investigaci\u00f3n altamente desarrollado en Damasco"},"content":{"rendered":"<p style=\"text-align: justify\"><strong><span style=\"color: #800000\">Mosc\u00fa, 16 feb (SANA)<\/span> <\/strong>El oftalm\u00f3logo sirio Youssef Youssef, dijo hoy que su reciente condecoraci\u00f3n por parte del presidente ruso, Vladimir Putin, fue un momento importante en su carrera.<\/p>\n<p style=\"text-align: justify\"><img loading=\"lazy\" decoding=\"async\" class=\" wp-image-218733 alignleft\" src=\"http:\/\/107.6.182.27\/es\/wp-content\/uploads\/2022\/02\/photo_2022-02-15_16-05-04-300x182.jpg\" alt=\"\" width=\"259\" height=\"157\" srcset=\"https:\/\/archive.sana.sy\/es\/wp-content\/uploads\/2022\/02\/photo_2022-02-15_16-05-04-300x182.jpg 300w, https:\/\/archive.sana.sy\/es\/wp-content\/uploads\/2022\/02\/photo_2022-02-15_16-05-04-1024x621.jpg 1024w, https:\/\/archive.sana.sy\/es\/wp-content\/uploads\/2022\/02\/photo_2022-02-15_16-05-04-150x91.jpg 150w, https:\/\/archive.sana.sy\/es\/wp-content\/uploads\/2022\/02\/photo_2022-02-15_16-05-04-768x466.jpg 768w, https:\/\/archive.sana.sy\/es\/wp-content\/uploads\/2022\/02\/photo_2022-02-15_16-05-04-1536x931.jpg 1536w, https:\/\/archive.sana.sy\/es\/wp-content\/uploads\/2022\/02\/photo_2022-02-15_16-05-04-2048x1242.jpg 2048w\" sizes=\"(max-width: 259px) 100vw, 259px\" \/>El homenaje de Putin por mis logros cient\u00edficos en el campo de la oftalmolog\u00eda constituye un hito en mi carrera y me pone ante una gran responsabilidad en la sociedad\u201d, declar\u00f3 Youssef quien desempe\u00f1a el cargo de director del Centro de Investigaci\u00f3n Cient\u00edfica de Enfermedades y Cirug\u00eda Oftalm\u00f3loga de la Academia Rusa de Ciencias.<\/p>\n<p style=\"text-align: justify\">Explic\u00f3 en una entrevista con el corresponsal de SANA en Mosc\u00fa, que \u00e9l brinda servicios m\u00e9dicos a todos los pacientes sin excepci\u00f3n, y se\u00f1al\u00f3 que el homenaje no fue personal para \u00e9l sino tambi\u00e9n para todo el equipo que trabaja con \u00e9l.<\/p>\n<p style=\"text-align: justify\">\u201cDedico esta condecoraci\u00f3n a mi patria siria y su liderazgo\u201d, dijo el m\u00e9dico, y manifest\u00f3 su sue\u00f1o de establecer un centro de investigaci\u00f3n altamente desarrollado en Damasco que no solo servir\u00eda a Siria sino a todo el Medio Oriente.<\/p>\n<p style=\"text-align: justify\">Youssef naci\u00f3 en la provincia de Deraa en 1963. Se gradu\u00f3 del Instituto de Medicina en 1989 y obtuvo un doctorado en 1998 y un doctorado estatal en 2000.<\/p>\n<p style=\"text-align: justify\"><em>fm\/ed<\/em><\/p>\n<p><a href=\"http:\/\/107.6.182.27\/es\/wp-content\/uploads\/2022\/02\/photo_2022-02-15_16-05-05-2-scaled.jpg\"><img loading=\"lazy\" decoding=\"async\" class=\"alignright wp-image-218740 size-full\" src=\"http:\/\/107.6.182.27\/es\/wp-content\/uploads\/2022\/02\/photo_2022-02-15_16-05-05-2-scaled.jpg\" alt=\"\" width=\"2560\" height=\"1432\" srcset=\"https:\/\/archive.sana.sy\/es\/wp-content\/uploads\/2022\/02\/photo_2022-02-15_16-05-05-2-scaled.jpg 2560w, https:\/\/archive.sana.sy\/es\/wp-content\/uploads\/2022\/02\/photo_2022-02-15_16-05-05-2-300x168.jpg 300w, https:\/\/archive.sana.sy\/es\/wp-content\/uploads\/2022\/02\/photo_2022-02-15_16-05-05-2-1024x573.jpg 1024w, https:\/\/archive.sana.sy\/es\/wp-content\/uploads\/2022\/02\/photo_2022-02-15_16-05-05-2-150x84.jpg 150w, https:\/\/archive.sana.sy\/es\/wp-content\/uploads\/2022\/02\/photo_2022-02-15_16-05-05-2-768x430.jpg 768w, https:\/\/archive.sana.sy\/es\/wp-content\/uploads\/2022\/02\/photo_2022-02-15_16-05-05-2-1536x859.jpg 1536w, https:\/\/archive.sana.sy\/es\/wp-content\/uploads\/2022\/02\/photo_2022-02-15_16-05-05-2-2048x1146.jpg 2048w\" sizes=\"(max-width: 2560px) 100vw, 2560px\" \/><\/a><\/p>\n<div id='gallery-1' class='gallery galleryid-218728 gallery-columns-1 gallery-size-full'><figure class='gallery-item'>\n\t\t\t<div class='gallery-icon landscape'>\n\t\t\t\t<a href='https:\/\/archive.sana.sy\/es\/wp-content\/uploads\/2022\/02\/photo_2022-02-15_16-06-01-5-scaled.jpg'><img loading=\"lazy\" decoding=\"async\" width=\"2560\" height=\"1533\" src=\"https:\/\/archive.sana.sy\/es\/wp-content\/uploads\/2022\/02\/photo_2022-02-15_16-06-01-5-scaled.jpg\" class=\"attachment-full size-full\" alt=\"\" srcset=\"https:\/\/archive.sana.sy\/es\/wp-content\/uploads\/2022\/02\/photo_2022-02-15_16-06-01-5-scaled.jpg 2560w, https:\/\/archive.sana.sy\/es\/wp-content\/uploads\/2022\/02\/photo_2022-02-15_16-06-01-5-300x180.jpg 300w, https:\/\/archive.sana.sy\/es\/wp-content\/uploads\/2022\/02\/photo_2022-02-15_16-06-01-5-1024x613.jpg 1024w, https:\/\/archive.sana.sy\/es\/wp-content\/uploads\/2022\/02\/photo_2022-02-15_16-06-01-5-150x90.jpg 150w, https:\/\/archive.sana.sy\/es\/wp-content\/uploads\/2022\/02\/photo_2022-02-15_16-06-01-5-768x460.jpg 768w, https:\/\/archive.sana.sy\/es\/wp-content\/uploads\/2022\/02\/photo_2022-02-15_16-06-01-5-1536x920.jpg 1536w, https:\/\/archive.sana.sy\/es\/wp-content\/uploads\/2022\/02\/photo_2022-02-15_16-06-01-5-2048x1227.jpg 2048w\" sizes=\"(max-width: 2560px) 100vw, 2560px\" \/><\/a>\n\t\t\t<\/div><\/figure><figure class='gallery-item'>\n\t\t\t<div class='gallery-icon landscape'>\n\t\t\t\t<a href='https:\/\/archive.sana.sy\/es\/wp-content\/uploads\/2022\/02\/photo_2022-02-15_16-06-02-scaled.jpg'><img loading=\"lazy\" decoding=\"async\" width=\"2560\" height=\"1386\" src=\"https:\/\/archive.sana.sy\/es\/wp-content\/uploads\/2022\/02\/photo_2022-02-15_16-06-02-scaled.jpg\" class=\"attachment-full size-full\" alt=\"\" srcset=\"https:\/\/archive.sana.sy\/es\/wp-content\/uploads\/2022\/02\/photo_2022-02-15_16-06-02-scaled.jpg 2560w, https:\/\/archive.sana.sy\/es\/wp-content\/uploads\/2022\/02\/photo_2022-02-15_16-06-02-300x162.jpg 300w, https:\/\/archive.sana.sy\/es\/wp-content\/uploads\/2022\/02\/photo_2022-02-15_16-06-02-1024x554.jpg 1024w, https:\/\/archive.sana.sy\/es\/wp-content\/uploads\/2022\/02\/photo_2022-02-15_16-06-02-150x81.jpg 150w, https:\/\/archive.sana.sy\/es\/wp-content\/uploads\/2022\/02\/photo_2022-02-15_16-06-02-768x416.jpg 768w, https:\/\/archive.sana.sy\/es\/wp-content\/uploads\/2022\/02\/photo_2022-02-15_16-06-02-1536x832.jpg 1536w, https:\/\/archive.sana.sy\/es\/wp-content\/uploads\/2022\/02\/photo_2022-02-15_16-06-02-2048x1109.jpg 2048w\" sizes=\"(max-width: 2560px) 100vw, 2560px\" \/><\/a>\n\t\t\t<\/div><\/figure><figure class='gallery-item'>\n\t\t\t<div class='gallery-icon landscape'>\n\t\t\t\t<a href='https:\/\/archive.sana.sy\/es\/wp-content\/uploads\/2022\/02\/photo_2022-02-15_16-06-05-scaled.jpg'><img loading=\"lazy\" decoding=\"async\" width=\"2560\" height=\"1478\" src=\"https:\/\/archive.sana.sy\/es\/wp-content\/uploads\/2022\/02\/photo_2022-02-15_16-06-05-scaled.jpg\" class=\"attachment-full size-full\" alt=\"\" srcset=\"https:\/\/archive.sana.sy\/es\/wp-content\/uploads\/2022\/02\/photo_2022-02-15_16-06-05-scaled.jpg 2560w, https:\/\/archive.sana.sy\/es\/wp-content\/uploads\/2022\/02\/photo_2022-02-15_16-06-05-300x173.jpg 300w, https:\/\/archive.sana.sy\/es\/wp-content\/uploads\/2022\/02\/photo_2022-02-15_16-06-05-1024x591.jpg 1024w, https:\/\/archive.sana.sy\/es\/wp-content\/uploads\/2022\/02\/photo_2022-02-15_16-06-05-150x87.jpg 150w, https:\/\/archive.sana.sy\/es\/wp-content\/uploads\/2022\/02\/photo_2022-02-15_16-06-05-768x443.jpg 768w, https:\/\/archive.sana.sy\/es\/wp-content\/uploads\/2022\/02\/photo_2022-02-15_16-06-05-1536x887.jpg 1536w, https:\/\/archive.sana.sy\/es\/wp-content\/uploads\/2022\/02\/photo_2022-02-15_16-06-05-2048x1182.jpg 2048w\" sizes=\"(max-width: 2560px) 100vw, 2560px\" \/><\/a>\n\t\t\t<\/div><\/figure>\n\t\t<\/div>\n\n<p><a href=\"http:\/\/107.6.182.27\/es\/wp-content\/uploads\/2022\/02\/photo_2022-02-15_16-06-00-scaled.jpg\"><img loading=\"lazy\" decoding=\"async\" class=\"alignright wp-image-218736 size-full\" src=\"http:\/\/107.6.182.27\/es\/wp-content\/uploads\/2022\/02\/photo_2022-02-15_16-06-00-scaled.jpg\" alt=\"\" width=\"2560\" height=\"1394\" srcset=\"https:\/\/archive.sana.sy\/es\/wp-content\/uploads\/2022\/02\/photo_2022-02-15_16-06-00-scaled.jpg 2560w, https:\/\/archive.sana.sy\/es\/wp-content\/uploads\/2022\/02\/photo_2022-02-15_16-06-00-300x163.jpg 300w, https:\/\/archive.sana.sy\/es\/wp-content\/uploads\/2022\/02\/photo_2022-02-15_16-06-00-1024x558.jpg 1024w, https:\/\/archive.sana.sy\/es\/wp-content\/uploads\/2022\/02\/photo_2022-02-15_16-06-00-150x82.jpg 150w, https:\/\/archive.sana.sy\/es\/wp-content\/uploads\/2022\/02\/photo_2022-02-15_16-06-00-768x418.jpg 768w, https:\/\/archive.sana.sy\/es\/wp-content\/uploads\/2022\/02\/photo_2022-02-15_16-06-00-1536x836.jpg 1536w, https:\/\/archive.sana.sy\/es\/wp-content\/uploads\/2022\/02\/photo_2022-02-15_16-06-00-2048x1115.jpg 2048w\" sizes=\"(max-width: 2560px) 100vw, 2560px\" \/><\/a><\/p>\n","protected":false},"excerpt":{"rendered":"<p>Mosc\u00fa, 16 feb (SANA) El oftalm\u00f3logo sirio Youssef Youssef, dijo hoy que su reciente condecoraci\u00f3n por parte del presidente ruso, Vladimir Putin, fue un momento importante en su carrera. El homenaje de Putin por mis logros cient\u00edficos en el campo de la oftalmolog\u00eda constituye un hito en mi carrera y me pone ante una gran &hellip;<\/p>\n","protected":false},"author":32,"featured_media":218778,"comment_status":"closed","ping_status":"closed","sticky":false,"template":"","format":"standard","meta":{"footnotes":""},"categories":[597,467,583],"tags":[],"class_list":["post-218728","post","type-post","status-publish","format-standard","has-post-thumbnail","","category-cinta-de-noticias","category-siria-y-el-mundo","category-slide"],"_links":{"self":[{"href":"https:\/\/archive.sana.sy\/es\/index.php?rest_route=\/wp\/v2\/posts\/218728"}],"collection":[{"href":"https:\/\/archive.sana.sy\/es\/index.php?rest_route=\/wp\/v2\/posts"}],"about":[{"href":"https:\/\/archive.sana.sy\/es\/index.php?rest_route=\/wp\/v2\/types\/post"}],"author":[{"embeddable":true,"href":"https:\/\/archive.sana.sy\/es\/index.php?rest_route=\/wp\/v2\/users\/32"}],"replies":[{"embeddable":true,"href":"https:\/\/archive.sana.sy\/es\/index.php?rest_route=%2Fwp%2Fv2%2Fcomments&post=218728"}],"version-history":[{"count":0,"href":"https:\/\/archive.sana.sy\/es\/index.php?rest_route=\/wp\/v2\/posts\/218728\/revisions"}],"wp:featuredmedia":[{"embeddable":true,"href":"https:\/\/archive.sana.sy\/es\/index.php?rest_route=\/wp\/v2\/media\/218778"}],"wp:attachment":[{"href":"https:\/\/archive.sana.sy\/es\/index.php?rest_route=%2Fwp%2Fv2%2Fmedia&parent=218728"}],"wp:term":[{"taxonomy":"category","embeddable":true,"href":"https:\/\/archive.sana.sy\/es\/index.php?rest_route=%2Fwp%2Fv2%2Fcategories&post=218728"},{"taxonomy":"post_tag","embeddable":true,"href":"https:\/\/archive.sana.sy\/es\/index.php?rest_route=%2Fwp%2Fv2%2Ftags&post=218728"}],"curies":[{"name":"wp","href":"https:\/\/api.w.org\/{rel}","templated":true}]}}