{"id":21874,"date":"2015-04-24T21:22:08","date_gmt":"2015-04-24T18:22:08","guid":{"rendered":"http:\/\/sana.sy\/es\/?p=21874"},"modified":"2015-04-24T21:25:13","modified_gmt":"2015-04-24T18:25:13","slug":"nueva-ronda-de-negaciones-de-paz-de-siria-se-celebrara-en-mayo-en-ginebra","status":"publish","type":"post","link":"https:\/\/archive.sana.sy\/es\/?p=21874","title":{"rendered":"Nueva ronda de negaciones de paz de Siria se celebrar\u00e1 en mayo en Ginebra"},"content":{"rendered":"<p><span style=\"color: #0000ff\">Ginebra-SANA<\/span><\/p>\n<p style=\"text-align: justify\">El Portavoz de la ONU, Ahmad Fawzi, ha informado que el enviado especial del Secretario General de la ONU a Siria, Staffan de Mistura, envi\u00f3 invitaciones para llevar a cabo unas consultas separadas con todas las partes en la crisis en Siria, que tendr\u00e1 lugar en Ginebra el 4 del pr\u00f3ximo mes de Mayo.<\/p>\n<p style=\"text-align: justify\">Seg\u00fan el portavoz, el enviado especial de la Organizaci\u00f3n de las Naciones Unidas (ONU) para Siria, Staffan de Mistura, empez\u00f3 hace algunas semanas a conversar con todas las partes involucradas en el conflicto sirio con el fin de coordinar nuevas sesiones de negociaciones de paz.<\/p>\n<p style=\"text-align: justify\"><span style=\"color: #0000ff\">Alexander Ukashevi\u0107: De Mistura inform\u00f3 parte rusa sobre los preparativos para la iniciativa sobre Siria<\/span><\/p>\n<p style=\"text-align: justify\">El portavoz del Ministerio ruso de Exteriores, Alexander Lukashevich dijo que el enviado especial alterno de la (ONU) para Siria, Ramzy Ezzeldin Ramzy, ha informado a la parte rusa sobre los preparativos para la iniciativa de ,De Mistura, para sostener conversaciones en Ginebra entre representantes de las partes sirias, representantes de los cinco miembros permanentes del Consejo de Seguridad, y representantes de pa\u00edses influyentes.<\/p>\n<p style=\"text-align: justify\">En una conferencia de prensa semanal, Lukashevich dijo que estas conversaciones podr\u00edan tomar tiempo y extender a lo largo de mayo, y que se centrar\u00e1n en el trabajo necesario para poner en marcha un proceso pol\u00edtico para resolver la crisis en Siria, afirmando que Rusia apoya la posici\u00f3n de Mistura.<\/p>\n<p style=\"text-align: justify\">Confiaba en que las reuniones de Ginebra tendr\u00e1n lugar pronto y tendr\u00e1n un efecto positivo sobre la situaci\u00f3n en Siria, y se\u00f1al\u00f3 que las conversaciones en cuesti\u00f3n implican una serie de reuniones bilaterales y no conversaciones ampliadas entre todos los lados, y que, de Mistura, eligi\u00f3 este m\u00e9todo para que estados como Ir\u00e1n pueden participar en esta iniciativa.<\/p>\n<p style=\"text-align: justify\">Lukashevich dijo que si todas las partes participantes lleguen a un acuerdo sobre el objetivo de resolver la crisis en Siria, entonces es posible ver un arreglo basado en el comunicado Ginebra emitido en 2012.<\/p>\n<p style=\"text-align: justify\">Se espera que los representantes de todos los lados de la oposici\u00f3n siria asistan a estas conversaciones, y agreg\u00f3 que la iniciativa se pondr\u00e1 en marcha el 4 de Mayo.<\/p>\n<p style=\"text-align: justify\"><span style=\"color: #800000\">M.Miri<\/span><\/p>\n","protected":false},"excerpt":{"rendered":"<p>Ginebra-SANA El Portavoz de la ONU, Ahmad Fawzi, ha informado que el enviado especial del Secretario General de la ONU a Siria, Staffan de Mistura, envi\u00f3 invitaciones para llevar a cabo unas consultas separadas con todas las partes en la crisis en Siria, que tendr\u00e1 lugar en Ginebra el 4 del pr\u00f3ximo mes de Mayo. &hellip;<\/p>\n","protected":false},"author":1,"featured_media":21875,"comment_status":"closed","ping_status":"closed","sticky":false,"template":"","format":"standard","meta":{"footnotes":""},"categories":[597,456,457,576],"tags":[4991],"class_list":["post-21874","post","type-post","status-publish","format-standard","has-post-thumbnail","","category-cinta-de-noticias","category-arabe-internacional-politica","category-noticias-arabe-internacional-politica","category-noticias-politicas","tag-nueva-ronda-de-negaciones-de-paz-de-siria-se-celebrara-en-mayo-en-ginebra"],"_links":{"self":[{"href":"https:\/\/archive.sana.sy\/es\/index.php?rest_route=\/wp\/v2\/posts\/21874"}],"collection":[{"href":"https:\/\/archive.sana.sy\/es\/index.php?rest_route=\/wp\/v2\/posts"}],"about":[{"href":"https:\/\/archive.sana.sy\/es\/index.php?rest_route=\/wp\/v2\/types\/post"}],"author":[{"embeddable":true,"href":"https:\/\/archive.sana.sy\/es\/index.php?rest_route=\/wp\/v2\/users\/1"}],"replies":[{"embeddable":true,"href":"https:\/\/archive.sana.sy\/es\/index.php?rest_route=%2Fwp%2Fv2%2Fcomments&post=21874"}],"version-history":[{"count":0,"href":"https:\/\/archive.sana.sy\/es\/index.php?rest_route=\/wp\/v2\/posts\/21874\/revisions"}],"wp:featuredmedia":[{"embeddable":true,"href":"https:\/\/archive.sana.sy\/es\/index.php?rest_route=\/wp\/v2\/media\/21875"}],"wp:attachment":[{"href":"https:\/\/archive.sana.sy\/es\/index.php?rest_route=%2Fwp%2Fv2%2Fmedia&parent=21874"}],"wp:term":[{"taxonomy":"category","embeddable":true,"href":"https:\/\/archive.sana.sy\/es\/index.php?rest_route=%2Fwp%2Fv2%2Fcategories&post=21874"},{"taxonomy":"post_tag","embeddable":true,"href":"https:\/\/archive.sana.sy\/es\/index.php?rest_route=%2Fwp%2Fv2%2Ftags&post=21874"}],"curies":[{"name":"wp","href":"https:\/\/api.w.org\/{rel}","templated":true}]}}