{"id":218759,"date":"2022-02-16T14:27:53","date_gmt":"2022-02-16T12:27:53","guid":{"rendered":"http:\/\/107.6.182.27\/es\/?p=218759"},"modified":"2023-01-10T15:13:09","modified_gmt":"2023-01-10T13:13:09","slug":"inauguran-manana-feria-internacional-siria-del-calzado-la-marroquineria-en-el-recinto-ferial-de-damasco","status":"publish","type":"post","link":"https:\/\/archive.sana.sy\/es\/?p=218759","title":{"rendered":"Inauguran ma\u00f1ana Feria Internacional Siria del Calzado y la Marroquiner\u00eda"},"content":{"rendered":"<p style=\"text-align: justify\"><span style=\"color: #800000\"><strong>Damasco, 16 feb (SANA)<\/strong><\/span> Con la participaci\u00f3n de m\u00e1s de 100 empresas sirias y \u00e1rabes, iniciar\u00e1 ma\u00f1ana la exposici\u00f3n SILA 13, Primavera y Verano de 2022, en el recinto ferial de Damasco.<\/p>\n<p style=\"text-align: justify\">\u201cSILA\u201d es la Feria Internacional Siria del Calzado, la Marroquiner\u00eda y los requerimientos de esta industria, se celebra dos veces al a\u00f1o, y constituye una importante oportunidad para que los fabricantes de calzado y cuero en Siria puedan comercializar sus productos en el mercado tanto nacional como internacional.<\/p>\n<p style=\"text-align: justify\">El Consejo directivo de la exposici\u00f3n invit\u00f3 esta temporada a unos 300 empresarios de varios pa\u00edses \u00e1rabes, el L\u00edbano, Jordania, Yemen, Sud\u00e1n, Libia y el Golfo, especialmente Irak, cuyos mercados son los m\u00e1s cercanos a Siria.<\/p>\n<p style=\"text-align: justify\">Cabe destacar que la feria se inaugurar\u00e1 ma\u00f1ana el jueves y durar\u00e1 hasta el pr\u00f3ximo domingo.<\/p>\n<p style=\"text-align: justify\">la<\/p>\n","protected":false},"excerpt":{"rendered":"<p>Damasco, 16 feb (SANA) Con la participaci\u00f3n de m\u00e1s de 100 empresas sirias y \u00e1rabes, iniciar\u00e1 ma\u00f1ana la exposici\u00f3n SILA 13, Primavera y Verano de 2022, en el recinto ferial de Damasco. \u201cSILA\u201d es la Feria Internacional Siria del Calzado, la Marroquiner\u00eda y los requerimientos de esta industria, se celebra dos veces al a\u00f1o, y &hellip;<\/p>\n","protected":false},"author":24,"featured_media":218760,"comment_status":"closed","ping_status":"closed","sticky":false,"template":"","format":"standard","meta":{"footnotes":""},"categories":[447,597,16686,485,7541],"tags":[],"class_list":["post-218759","post","type-post","status-publish","format-standard","has-post-thumbnail","","category-local-politica","category-cinta-de-noticias","category-economia","category-informes-negocios-y-finanzas","category-ultimas-noticias"],"_links":{"self":[{"href":"https:\/\/archive.sana.sy\/es\/index.php?rest_route=\/wp\/v2\/posts\/218759"}],"collection":[{"href":"https:\/\/archive.sana.sy\/es\/index.php?rest_route=\/wp\/v2\/posts"}],"about":[{"href":"https:\/\/archive.sana.sy\/es\/index.php?rest_route=\/wp\/v2\/types\/post"}],"author":[{"embeddable":true,"href":"https:\/\/archive.sana.sy\/es\/index.php?rest_route=\/wp\/v2\/users\/24"}],"replies":[{"embeddable":true,"href":"https:\/\/archive.sana.sy\/es\/index.php?rest_route=%2Fwp%2Fv2%2Fcomments&post=218759"}],"version-history":[{"count":0,"href":"https:\/\/archive.sana.sy\/es\/index.php?rest_route=\/wp\/v2\/posts\/218759\/revisions"}],"wp:featuredmedia":[{"embeddable":true,"href":"https:\/\/archive.sana.sy\/es\/index.php?rest_route=\/wp\/v2\/media\/218760"}],"wp:attachment":[{"href":"https:\/\/archive.sana.sy\/es\/index.php?rest_route=%2Fwp%2Fv2%2Fmedia&parent=218759"}],"wp:term":[{"taxonomy":"category","embeddable":true,"href":"https:\/\/archive.sana.sy\/es\/index.php?rest_route=%2Fwp%2Fv2%2Fcategories&post=218759"},{"taxonomy":"post_tag","embeddable":true,"href":"https:\/\/archive.sana.sy\/es\/index.php?rest_route=%2Fwp%2Fv2%2Ftags&post=218759"}],"curies":[{"name":"wp","href":"https:\/\/api.w.org\/{rel}","templated":true}]}}