{"id":218764,"date":"2022-02-16T17:54:14","date_gmt":"2022-02-16T15:54:14","guid":{"rendered":"http:\/\/107.6.182.27\/es\/?p=218764"},"modified":"2023-01-10T14:20:20","modified_gmt":"2023-01-10T12:20:20","slug":"el-canciller-al-mekdad-visita-a-rusia-la-proxima-semana-informa-zajarova","status":"publish","type":"post","link":"https:\/\/archive.sana.sy\/es\/?p=218764","title":{"rendered":"Lavrov se reunir\u00e1 con el Canciller sirio la pr\u00f3xima semana, informa Mosc\u00fa"},"content":{"rendered":"<p style=\"text-align: justify\"><span style=\"color: #800000\"><strong>Mosc\u00fa, 16 feb (SANA)<\/strong><\/span> La portavoz de la Canciller\u00eda rusa, Mar\u00eda Zaj\u00e1rova, anunci\u00f3 que el ministro de Relaciones Exteriores, Sergei Lavrov, se reunir\u00e1 el 21 de febrero en Mosc\u00fa con su hom\u00f3logo sirio, el Dr. Faisal al-Mekdad.<\/p>\n<p style=\"text-align: justify\">En su rueda informativa semanal, Zaj\u00e1rova revel\u00f3 que ambas partes tienen previsto intercambiar puntos de vista de forma amplia sobre el desarrollo de la situaci\u00f3n en Siria, con un enfoco especial en las perspectivas de la soluci\u00f3n pol\u00edtica de la crisis siria.<\/p>\n<p style=\"text-align: justify\">Indic\u00f3 que los dos cancilleres tienen la intenci\u00f3n de discutir la evoluci\u00f3n del proceso de Astan\u00e1, teniendo en cuenta los resultados de la 17\u00aa sesi\u00f3n internacional, as\u00ed como debatir\u00e1n el trabajo del Comit\u00e9 de Debate de la Constituci\u00f3n siria en Ginebra.<\/p>\n<p style=\"text-align: justify\">La vocera rusa explic\u00f3 que Lavrov y al-Mekdad sostendr\u00e1n conversaciones sobre las v\u00edas de consolidar las relaciones sirio-rusas en varios \u00e1mbitos y de brindar asistencia pr\u00e1ctica a Siria para que supere las secuelas de la guerra.<\/p>\n<p style=\"text-align: justify\">La reuni\u00f3n brindar\u00e1 atenci\u00f3n especial a la situaci\u00f3n humanitaria en Siria y la necesidad de garantizar el regreso de todos los desplazados a su lugar de origen, asever\u00f3.<\/p>\n<p style=\"text-align: justify\">la<\/p>\n","protected":false},"excerpt":{"rendered":"<p>Mosc\u00fa, 16 feb (SANA) La portavoz de la Canciller\u00eda rusa, Mar\u00eda Zaj\u00e1rova, anunci\u00f3 que el ministro de Relaciones Exteriores, Sergei Lavrov, se reunir\u00e1 el 21 de febrero en Mosc\u00fa con su hom\u00f3logo sirio, el Dr. Faisal al-Mekdad. En su rueda informativa semanal, Zaj\u00e1rova revel\u00f3 que ambas partes tienen previsto intercambiar puntos de vista de forma &hellip;<\/p>\n","protected":false},"author":24,"featured_media":218765,"comment_status":"closed","ping_status":"closed","sticky":false,"template":"","format":"standard","meta":{"footnotes":""},"categories":[447,597,467,7541],"tags":[],"class_list":["post-218764","post","type-post","status-publish","format-standard","has-post-thumbnail","","category-local-politica","category-cinta-de-noticias","category-siria-y-el-mundo","category-ultimas-noticias"],"_links":{"self":[{"href":"https:\/\/archive.sana.sy\/es\/index.php?rest_route=\/wp\/v2\/posts\/218764"}],"collection":[{"href":"https:\/\/archive.sana.sy\/es\/index.php?rest_route=\/wp\/v2\/posts"}],"about":[{"href":"https:\/\/archive.sana.sy\/es\/index.php?rest_route=\/wp\/v2\/types\/post"}],"author":[{"embeddable":true,"href":"https:\/\/archive.sana.sy\/es\/index.php?rest_route=\/wp\/v2\/users\/24"}],"replies":[{"embeddable":true,"href":"https:\/\/archive.sana.sy\/es\/index.php?rest_route=%2Fwp%2Fv2%2Fcomments&post=218764"}],"version-history":[{"count":0,"href":"https:\/\/archive.sana.sy\/es\/index.php?rest_route=\/wp\/v2\/posts\/218764\/revisions"}],"wp:featuredmedia":[{"embeddable":true,"href":"https:\/\/archive.sana.sy\/es\/index.php?rest_route=\/wp\/v2\/media\/218765"}],"wp:attachment":[{"href":"https:\/\/archive.sana.sy\/es\/index.php?rest_route=%2Fwp%2Fv2%2Fmedia&parent=218764"}],"wp:term":[{"taxonomy":"category","embeddable":true,"href":"https:\/\/archive.sana.sy\/es\/index.php?rest_route=%2Fwp%2Fv2%2Fcategories&post=218764"},{"taxonomy":"post_tag","embeddable":true,"href":"https:\/\/archive.sana.sy\/es\/index.php?rest_route=%2Fwp%2Fv2%2Ftags&post=218764"}],"curies":[{"name":"wp","href":"https:\/\/api.w.org\/{rel}","templated":true}]}}