{"id":218806,"date":"2022-02-16T15:30:26","date_gmt":"2022-02-16T13:30:26","guid":{"rendered":"http:\/\/107.6.182.27\/es\/?p=218806"},"modified":"2023-01-10T16:38:44","modified_gmt":"2023-01-10T14:38:44","slug":"sayyed-nasrallah-la-resistencia-continuara-confrontando-al-enemigo-israeli","status":"publish","type":"post","link":"https:\/\/archive.sana.sy\/es\/?p=218806","title":{"rendered":"Sayyed Nasrallah: La Resistencia continuar\u00e1 confrontando al enemigo israel\u00ed"},"content":{"rendered":"<p style=\"text-align: justify\"><strong><span style=\"color: #800000\">Beirut, 16 feb (SANA)<\/span><\/strong> El Secretario General de Hizbullah, , Sayyed Hassan Nasrallah, en su discurso con motivo del aniversario de los l\u00edderes m\u00e1rtires de la Resistencia, confirm\u00f3 que \u201cla Resistencia preserv\u00f3 la identidad libanesa con sangre y lucha, y lo seguir\u00e1 haciendo\u201d.<\/p>\n<p style=\"text-align: justify\">\u201cLa invasi\u00f3n de 1982 plante\u00f3 un peligro hist\u00f3rico para el L\u00edbano, que amenazaba con perder su soberan\u00eda y cambiar su propia identidad\u201d, expres\u00f3.<\/p>\n<p style=\"text-align: justify\">\u201cLa ca\u00edda de los dirigentes m\u00e1rtires a lo largo de la marcha tuvo un gran impacto, ya que cumple el proceso, 40 a\u00f1os este a\u00f1o\u201d, se\u00f1al\u00f3 al tiempo que record\u00f3 que \u201cLa Resistencia no comenz\u00f3 con nosotros en 1982, durante la invasi\u00f3n israel\u00ed al L\u00edbano, que supuso el mayor desaf\u00edo para nuestro pa\u00eds. (\u2026) La Resistencia Isl\u00e1mica naci\u00f3 en 1982 para cooperar con los verdaderos preocupados por la soberan\u00eda en preservar la identidad de nuestro pa\u00eds&#8221;.<\/p>\n<p style=\"text-align: justify\">\u201cLos movimientos de Resistencia en la regi\u00f3n, incluido Hizbullah, creen, al contrario, que esta entidad de ocupaci\u00f3n es temporal y est\u00e1 en declive\u201d, asegur\u00f3.<\/p>\n<p style=\"text-align: justify\">Sobre el armamento militar inform\u00f3 que \u201cYa tenemos hoy d\u00eda la capacidad de convertir nuestros miles de misiles en misiles de precisi\u00f3n. Llevamos a\u00f1os convirtiendo nuestros misiles en misiles de precisi\u00f3n\u201d.<\/p>\n<p style=\"text-align: justify\">Seg\u00fan el dirigente de Hizbullah, la Resistencia comenz\u00f3 desde hace a\u00f1os a fabricar drones.<\/p>\n<p style=\"text-align: justify\">Nasrallah dijo que altos l\u00edderes y analistas del enemigo afirman que &#8220;Israel&#8221; se encuentra en un estado de declive hacia su desaparici\u00f3n, y que se trata de una \u201ccuesti\u00f3n es cuesti\u00f3n de tiempo\u201d.<\/p>\n<p style=\"text-align: justify\">\u201cEstamos frente a una entidad afligida, que se dirige hacia el declive, y frente a un ej\u00e9rcito en apuros. Los propios israel\u00edes afirmaron que &#8220;Israel&#8221; enfrenta 3 amenazas, incluida su crisis social\u201d, manifest\u00f3.<\/p>\n<p>mm<\/p>\n<p>&nbsp;<\/p>\n","protected":false},"excerpt":{"rendered":"<p>Beirut, 16 feb (SANA) El Secretario General de Hizbullah, , Sayyed Hassan Nasrallah, en su discurso con motivo del aniversario de los l\u00edderes m\u00e1rtires de la Resistencia, confirm\u00f3 que \u201cla Resistencia preserv\u00f3 la identidad libanesa con sangre y lucha, y lo seguir\u00e1 haciendo\u201d. \u201cLa invasi\u00f3n de 1982 plante\u00f3 un peligro hist\u00f3rico para el L\u00edbano, que &hellip;<\/p>\n","protected":false},"author":36,"featured_media":218807,"comment_status":"closed","ping_status":"closed","sticky":false,"template":"","format":"standard","meta":{"footnotes":""},"categories":[597,456,457,7541],"tags":[],"class_list":["post-218806","post","type-post","status-publish","format-standard","has-post-thumbnail","","category-cinta-de-noticias","category-arabe-internacional-politica","category-noticias-arabe-internacional-politica","category-ultimas-noticias"],"_links":{"self":[{"href":"https:\/\/archive.sana.sy\/es\/index.php?rest_route=\/wp\/v2\/posts\/218806"}],"collection":[{"href":"https:\/\/archive.sana.sy\/es\/index.php?rest_route=\/wp\/v2\/posts"}],"about":[{"href":"https:\/\/archive.sana.sy\/es\/index.php?rest_route=\/wp\/v2\/types\/post"}],"author":[{"embeddable":true,"href":"https:\/\/archive.sana.sy\/es\/index.php?rest_route=\/wp\/v2\/users\/36"}],"replies":[{"embeddable":true,"href":"https:\/\/archive.sana.sy\/es\/index.php?rest_route=%2Fwp%2Fv2%2Fcomments&post=218806"}],"version-history":[{"count":0,"href":"https:\/\/archive.sana.sy\/es\/index.php?rest_route=\/wp\/v2\/posts\/218806\/revisions"}],"wp:featuredmedia":[{"embeddable":true,"href":"https:\/\/archive.sana.sy\/es\/index.php?rest_route=\/wp\/v2\/media\/218807"}],"wp:attachment":[{"href":"https:\/\/archive.sana.sy\/es\/index.php?rest_route=%2Fwp%2Fv2%2Fmedia&parent=218806"}],"wp:term":[{"taxonomy":"category","embeddable":true,"href":"https:\/\/archive.sana.sy\/es\/index.php?rest_route=%2Fwp%2Fv2%2Fcategories&post=218806"},{"taxonomy":"post_tag","embeddable":true,"href":"https:\/\/archive.sana.sy\/es\/index.php?rest_route=%2Fwp%2Fv2%2Ftags&post=218806"}],"curies":[{"name":"wp","href":"https:\/\/api.w.org\/{rel}","templated":true}]}}