{"id":218816,"date":"2022-02-16T23:33:06","date_gmt":"2022-02-16T21:33:06","guid":{"rendered":"http:\/\/107.6.182.27\/es\/?p=218816"},"modified":"2023-01-10T16:38:44","modified_gmt":"2023-01-10T14:38:44","slug":"caracas-expresa-apoyo-absoluto-a-moscu","status":"publish","type":"post","link":"https:\/\/archive.sana.sy\/es\/?p=218816","title":{"rendered":"Caracas expresa &#8220;apoyo absoluto&#8221; a Mosc\u00fa"},"content":{"rendered":"<p style=\"text-align: justify;\"><strong><span style=\"color: #000000;\"><span style=\"color: #800000;\">Caracas, 16 feb (SANA)<\/span>\u00a0 \u00a0<\/span><\/strong>El gobierno de Venezuela expres\u00f3 este mi\u00e9rcoles su &#8220;apoyo irrestricto&#8221; a Rusia, especialmente en lo relacionado con la crisis con Ucrania.<\/p>\n<p style=\"text-align: justify;\">La cadena venezolana de televisi\u00f3n <em>Telesur<\/em> inform\u00f3 que el vicepresidente y ministro de Petr\u00f3leo de Venezuela, Tareck El Aissami, confirm\u00f3 durante su reuni\u00f3n con el viceprimer ministro ruso, Yuri Bor\u00edsov, que Caracas respalda a Mosc\u00fa en la crisis con Ucrania, y se\u00f1al\u00f3 que este encuentro permitir\u00e1 a los dos pa\u00edses continuar evaluando y ampliar los horizontes de cooperaci\u00f3n conjunta entre los dos pa\u00edses.<\/p>\n<p style=\"text-align: justify;\">El Aissami puntualiz\u00f3 que &#8220;esta cooperaci\u00f3n se sustenta en m\u00e1s de 20 acuerdos en distintas \u00e1reas en la que destaca la energ\u00e9tica.<\/p>\n<p>Por su parte Bor\u00edsov indic\u00f3 que &#8220;Venezuela es un socio estrat\u00e9gico de Rusia en Am\u00e9rica Latina y el mundo en general&#8221;.<\/p>\n<p style=\"text-align: justify;\">De igual manera, se\u00f1al\u00f3 que su pa\u00eds continuar\u00e1 brindado cooperaci\u00f3n a a Venezuela en la lucha contra la pandemia de la Covid-19 y dijo que pese a las medidas coercitivas unilaterales econ\u00f3micas del Gobierno de Estados Unidos, Venezuela ha revitalizado la actividad econ\u00f3mica, expresado, entre otros casos, en el aumento de la producci\u00f3n petrolera y el desarrollo sustentable del pa\u00eds.<\/p>\n<p><em>mm<\/em><\/p>\n","protected":false},"excerpt":{"rendered":"<p>Caracas, 16 feb (SANA)\u00a0 \u00a0El gobierno de Venezuela expres\u00f3 este mi\u00e9rcoles su &#8220;apoyo irrestricto&#8221; a Rusia, especialmente en lo relacionado con la crisis con Ucrania. La cadena venezolana de televisi\u00f3n Telesur inform\u00f3 que el vicepresidente y ministro de Petr\u00f3leo de Venezuela, Tareck El Aissami, confirm\u00f3 durante su reuni\u00f3n con el viceprimer ministro ruso, Yuri Bor\u00edsov, &hellip;<\/p>\n","protected":false},"author":36,"featured_media":218817,"comment_status":"closed","ping_status":"closed","sticky":false,"template":"","format":"standard","meta":{"footnotes":""},"categories":[597,456,457],"tags":[],"class_list":["post-218816","post","type-post","status-publish","format-standard","has-post-thumbnail","","category-cinta-de-noticias","category-arabe-internacional-politica","category-noticias-arabe-internacional-politica"],"_links":{"self":[{"href":"https:\/\/archive.sana.sy\/es\/index.php?rest_route=\/wp\/v2\/posts\/218816"}],"collection":[{"href":"https:\/\/archive.sana.sy\/es\/index.php?rest_route=\/wp\/v2\/posts"}],"about":[{"href":"https:\/\/archive.sana.sy\/es\/index.php?rest_route=\/wp\/v2\/types\/post"}],"author":[{"embeddable":true,"href":"https:\/\/archive.sana.sy\/es\/index.php?rest_route=\/wp\/v2\/users\/36"}],"replies":[{"embeddable":true,"href":"https:\/\/archive.sana.sy\/es\/index.php?rest_route=%2Fwp%2Fv2%2Fcomments&post=218816"}],"version-history":[{"count":0,"href":"https:\/\/archive.sana.sy\/es\/index.php?rest_route=\/wp\/v2\/posts\/218816\/revisions"}],"wp:featuredmedia":[{"embeddable":true,"href":"https:\/\/archive.sana.sy\/es\/index.php?rest_route=\/wp\/v2\/media\/218817"}],"wp:attachment":[{"href":"https:\/\/archive.sana.sy\/es\/index.php?rest_route=%2Fwp%2Fv2%2Fmedia&parent=218816"}],"wp:term":[{"taxonomy":"category","embeddable":true,"href":"https:\/\/archive.sana.sy\/es\/index.php?rest_route=%2Fwp%2Fv2%2Fcategories&post=218816"},{"taxonomy":"post_tag","embeddable":true,"href":"https:\/\/archive.sana.sy\/es\/index.php?rest_route=%2Fwp%2Fv2%2Ftags&post=218816"}],"curies":[{"name":"wp","href":"https:\/\/api.w.org\/{rel}","templated":true}]}}