{"id":218834,"date":"2022-02-17T10:30:16","date_gmt":"2022-02-17T08:30:16","guid":{"rendered":"http:\/\/107.6.182.27\/es\/?p=218834"},"modified":"2022-02-17T12:46:39","modified_gmt":"2022-02-17T10:46:39","slug":"2-300-heridos-sirios-recuperaron-su-movilidad-gracias-a-cuatro-centros-avanzados-de-fabricacion-de-protesis","status":"publish","type":"post","link":"https:\/\/archive.sana.sy\/es\/?p=218834","title":{"rendered":"2.300 heridos sirios recuperaron su movilidad gracias a cuatro centros avanzados de fabricaci\u00f3n de pr\u00f3tesis"},"content":{"rendered":"<p style=\"text-align: justify;\"><strong><span style=\"color: #800000;\">Damasco, 17 feb (SANA)<\/span> <\/strong>Siria logr\u00f3 importante avances en la fabricaci\u00f3n de pr\u00f3tesis a trav\u00e9s de cuatro centros avanzados que permitieron a las personas que sufrieron amputaciones durante el cumplimiento de su deber nacional recuperaran sus capacidades f\u00edsicas y de movimiento.<\/p>\n<p style=\"text-align: justify;\">El Proyecto &#8220;Herido de Patria&#8221; explic\u00f3 en un comunicado en su p\u00e1gina de Facebook que estos centros est\u00e1n distribuidos en las gobernaciones de Hama, Tartous, Latakia y Damasco, y laboran en los mismos cuadros nacionales y expertos en el campo de la fabricaci\u00f3n, mantenimiento e instalaci\u00f3n de extremidades.<\/p>\n<p style=\"text-align: justify;\">Entre estos cuadros hay ingenieros, t\u00e9cnicos, supervisores de rehabilitaci\u00f3n kinest\u00e9sica y fisioterap\u00e9uticas para ayudar al amputado a moverse sin necesidad de ayuda de otros, precis\u00f3 la nota.<\/p>\n<p style=\"text-align: justify;\">Agreg\u00f3 que el proceso de instalaci\u00f3n de las extremidades dentro de estos centros pasa por pasos espec\u00edficos, comenzando con el ingreso del paciente al centro para que un equipo especializado determine los tama\u00f1os requeridos para la pr\u00f3tesis mediante escaneo 3D y la \u00faltima tecnolog\u00eda CAD-CAM, lo que hace que las pr\u00f3tesis que utilizan los amputados sean las mejores m\u00e9dica y t\u00e9cnicamente.<\/p>\n<p style=\"text-align: justify;\">Una vez finalizada la fabricaci\u00f3n de la pr\u00f3tesis, el herido se somete a sesiones intensivas de fisioterapia y rehabilitaci\u00f3n cin\u00e9tica, adem\u00e1s de algunos ejercicios espec\u00edficos que contribuyen a ayudarle a utilizar el miembro de forma eficiente y adaptarse a \u00e9l, adem\u00e1s de proporcionarle alojamiento dentro de los centros de pr\u00f3tesis en particular para los amputados provenientes de otras gobernaciones o de regiones distantes.<\/p>\n<p style=\"text-align: justify;\">El proyecto Herido de Patria anunci\u00f3 que gracias a estas t\u00e9cnicas modernas en el campo de la fabricaci\u00f3n de extremidades, m\u00e1s de 2.300 amputados del segmento de discapacidad total y de los segmentos de discapacidad subtotal y parcial pudieron recuperar sus habilidades f\u00edsicas y de movimiento.<\/p>\n<p style=\"text-align: justify;\">El proyecto brinda este servicio a todos los amputados lesionados como consecuencia de operaciones militares, y es un servicio que se desarrolla \u00edntegramente y de forma gratuita dentro de los centros de pr\u00f3tesis.<\/p>\n<p><em>fm\/ed<\/em><\/p>\n","protected":false},"excerpt":{"rendered":"<p>Damasco, 17 feb (SANA) Siria logr\u00f3 importante avances en la fabricaci\u00f3n de pr\u00f3tesis a trav\u00e9s de cuatro centros avanzados que permitieron a las personas que sufrieron amputaciones durante el cumplimiento de su deber nacional recuperaran sus capacidades f\u00edsicas y de movimiento. El Proyecto &#8220;Herido de Patria&#8221; explic\u00f3 en un comunicado en su p\u00e1gina de Facebook &hellip;<\/p>\n","protected":false},"author":32,"featured_media":218835,"comment_status":"closed","ping_status":"closed","sticky":false,"template":"","format":"standard","meta":{"footnotes":""},"categories":[477,597,476,457,583],"tags":[7161],"class_list":["post-218834","post","type-post","status-publish","format-standard","has-post-thumbnail","","category-noticias-edulcorantes","category-cinta-de-noticias","category-locales","category-noticias-arabe-internacional-politica","category-slide","tag-damasco"],"_links":{"self":[{"href":"https:\/\/archive.sana.sy\/es\/index.php?rest_route=\/wp\/v2\/posts\/218834"}],"collection":[{"href":"https:\/\/archive.sana.sy\/es\/index.php?rest_route=\/wp\/v2\/posts"}],"about":[{"href":"https:\/\/archive.sana.sy\/es\/index.php?rest_route=\/wp\/v2\/types\/post"}],"author":[{"embeddable":true,"href":"https:\/\/archive.sana.sy\/es\/index.php?rest_route=\/wp\/v2\/users\/32"}],"replies":[{"embeddable":true,"href":"https:\/\/archive.sana.sy\/es\/index.php?rest_route=%2Fwp%2Fv2%2Fcomments&post=218834"}],"version-history":[{"count":0,"href":"https:\/\/archive.sana.sy\/es\/index.php?rest_route=\/wp\/v2\/posts\/218834\/revisions"}],"wp:featuredmedia":[{"embeddable":true,"href":"https:\/\/archive.sana.sy\/es\/index.php?rest_route=\/wp\/v2\/media\/218835"}],"wp:attachment":[{"href":"https:\/\/archive.sana.sy\/es\/index.php?rest_route=%2Fwp%2Fv2%2Fmedia&parent=218834"}],"wp:term":[{"taxonomy":"category","embeddable":true,"href":"https:\/\/archive.sana.sy\/es\/index.php?rest_route=%2Fwp%2Fv2%2Fcategories&post=218834"},{"taxonomy":"post_tag","embeddable":true,"href":"https:\/\/archive.sana.sy\/es\/index.php?rest_route=%2Fwp%2Fv2%2Ftags&post=218834"}],"curies":[{"name":"wp","href":"https:\/\/api.w.org\/{rel}","templated":true}]}}