{"id":21893,"date":"2015-04-24T18:07:30","date_gmt":"2015-04-24T15:07:30","guid":{"rendered":"http:\/\/sana.sy\/es\/?p=21893"},"modified":"2015-04-24T18:07:30","modified_gmt":"2015-04-24T15:07:30","slug":"khorasan-el-misterioso-grupo-terrorista","status":"publish","type":"post","link":"https:\/\/archive.sana.sy\/es\/?p=21893","title":{"rendered":"Khorasan, el misterioso grupo terrorista"},"content":{"rendered":"<p><span style=\"color: #0000ff\">Londres-SANA<\/span><\/p>\n<p style=\"text-align: justify\">El escritor en el peri\u00f3dico brit\u00e1nico \u201cThe Independent\u201d, Kim Sengupta dijo que el grupo terrorista denominado &#8220;Khorasan&#8221; en Siria resurgi\u00f3 de nuevo con la llegada de decenas de terroristas extranjeros a Siria con el fin de unirse a \u00e9l, a pesar de las declaraciones de los Estados Unidos de haber atacado dicho grupo antes a trav\u00e9s de la llamada &#8220;coalici\u00f3n internacional&#8221; liderado por los EE.UU.<\/p>\n<p style=\"text-align: justify\">En un informe publicado por el diario Sengupta explic\u00f3 que la actividad de la organizaci\u00f3n, &#8220;Khorasan&#8221; terrorista comenz\u00f3 a flotar en la escena terrorista nuevamente, tras la llegada de decenas terroristas extranjeros para unirse a sus filas, esperando las \u00f3rdenes para lanzar ataques terroristas y una nueva campa\u00f1a de violencia.<\/p>\n<p style=\"text-align: justify\">Se cree ampliamente que la organizaci\u00f3n incluye a figuras terroristas de al-Qaeda, que lucharon anteriormente en Afganist\u00e1n e incorporaron a las filas del frente al-Nusra en Siria.<\/p>\n<p style=\"text-align: justify\">Es de destacar que los Estados Unidos form\u00f3 el a\u00f1o pasado, una coalici\u00f3n de varios pa\u00edses bajo el pretexto de la lucha contra la organizaci\u00f3n terrorista &#8220;Deash&#8221;, fuera del marco de las Naciones Unidas y de la Carta y los principios del derecho internacional y despu\u00e9s de haber apoyado la organizaci\u00f3n terroristas en Siria bajo el pretexto de suministrar ayudas y armas para los llamados &#8220;oposici\u00f3n moderada&#8221;.<\/p>\n<p style=\"text-align: justify\">\n<span style=\"color: #800000\">M.Miri<\/span><\/p>\n","protected":false},"excerpt":{"rendered":"<p>Londres-SANA El escritor en el peri\u00f3dico brit\u00e1nico \u201cThe Independent\u201d, Kim Sengupta dijo que el grupo terrorista denominado &#8220;Khorasan&#8221; en Siria resurgi\u00f3 de nuevo con la llegada de decenas de terroristas extranjeros a Siria con el fin de unirse a \u00e9l, a pesar de las declaraciones de los Estados Unidos de haber atacado dicho grupo antes &hellip;<\/p>\n","protected":false},"author":1,"featured_media":21894,"comment_status":"closed","ping_status":"closed","sticky":false,"template":"","format":"standard","meta":{"footnotes":""},"categories":[555],"tags":[4998,4997],"class_list":["post-21893","post","type-post","status-publish","format-standard","has-post-thumbnail","","category-prensa","tag-el-misterioso-grupo-terrorista","tag-khorasan"],"_links":{"self":[{"href":"https:\/\/archive.sana.sy\/es\/index.php?rest_route=\/wp\/v2\/posts\/21893"}],"collection":[{"href":"https:\/\/archive.sana.sy\/es\/index.php?rest_route=\/wp\/v2\/posts"}],"about":[{"href":"https:\/\/archive.sana.sy\/es\/index.php?rest_route=\/wp\/v2\/types\/post"}],"author":[{"embeddable":true,"href":"https:\/\/archive.sana.sy\/es\/index.php?rest_route=\/wp\/v2\/users\/1"}],"replies":[{"embeddable":true,"href":"https:\/\/archive.sana.sy\/es\/index.php?rest_route=%2Fwp%2Fv2%2Fcomments&post=21893"}],"version-history":[{"count":0,"href":"https:\/\/archive.sana.sy\/es\/index.php?rest_route=\/wp\/v2\/posts\/21893\/revisions"}],"wp:featuredmedia":[{"embeddable":true,"href":"https:\/\/archive.sana.sy\/es\/index.php?rest_route=\/wp\/v2\/media\/21894"}],"wp:attachment":[{"href":"https:\/\/archive.sana.sy\/es\/index.php?rest_route=%2Fwp%2Fv2%2Fmedia&parent=21893"}],"wp:term":[{"taxonomy":"category","embeddable":true,"href":"https:\/\/archive.sana.sy\/es\/index.php?rest_route=%2Fwp%2Fv2%2Fcategories&post=21893"},{"taxonomy":"post_tag","embeddable":true,"href":"https:\/\/archive.sana.sy\/es\/index.php?rest_route=%2Fwp%2Fv2%2Ftags&post=21893"}],"curies":[{"name":"wp","href":"https:\/\/api.w.org\/{rel}","templated":true}]}}