{"id":21896,"date":"2015-04-24T18:14:52","date_gmt":"2015-04-24T15:14:52","guid":{"rendered":"http:\/\/sana.sy\/es\/?p=21896"},"modified":"2023-01-09T14:10:12","modified_gmt":"2023-01-09T12:10:12","slug":"ataques-terroristas-por-proyectiles-de-mortero-en-damasco","status":"publish","type":"post","link":"https:\/\/archive.sana.sy\/es\/?p=21896","title":{"rendered":"Ataques terroristas por proyectiles de mortero en Damasco"},"content":{"rendered":"<p><span style=\"color: #0000ff\">Damasco-SANA<\/span><\/p>\n<p style=\"text-align: justify\">Da\u00f1os materiales en las propiedades privadas a causa de la ca\u00edda de unos proyectiles de mortero en el barrio al-Dwelah, y al-Abasiin en la provincia de Damasco, sin registrar v\u00edctimas humanas.<\/p>\n<p style=\"text-align: justify\">Una fuente en la Provincia le confirm\u00f3 al corresponsal de SANA que terroristas lanzaron unos proyectiles de mortero contra las zonas mencionadas antes lo que produjo da\u00f1os materiales entre las casas y las propiedades civiles.<\/p>\n<p><span style=\"color: #800000\">M.Miri<\/span><\/p>\n","protected":false},"excerpt":{"rendered":"<p>Damasco-SANA Da\u00f1os materiales en las propiedades privadas a causa de la ca\u00edda de unos proyectiles de mortero en el barrio al-Dwelah, y al-Abasiin en la provincia de Damasco, sin registrar v\u00edctimas humanas. Una fuente en la Provincia le confirm\u00f3 al corresponsal de SANA que terroristas lanzaron unos proyectiles de mortero contra las zonas mencionadas antes &hellip;<\/p>\n","protected":false},"author":1,"featured_media":7593,"comment_status":"closed","ping_status":"closed","sticky":false,"template":"","format":"standard","meta":{"footnotes":""},"categories":[477,476],"tags":[4999],"class_list":["post-21896","post","type-post","status-publish","format-standard","has-post-thumbnail","","category-noticias-edulcorantes","category-locales","tag-ataques-terroristas-por-proyectiles-de-mortero-en-damasco"],"_links":{"self":[{"href":"https:\/\/archive.sana.sy\/es\/index.php?rest_route=\/wp\/v2\/posts\/21896"}],"collection":[{"href":"https:\/\/archive.sana.sy\/es\/index.php?rest_route=\/wp\/v2\/posts"}],"about":[{"href":"https:\/\/archive.sana.sy\/es\/index.php?rest_route=\/wp\/v2\/types\/post"}],"author":[{"embeddable":true,"href":"https:\/\/archive.sana.sy\/es\/index.php?rest_route=\/wp\/v2\/users\/1"}],"replies":[{"embeddable":true,"href":"https:\/\/archive.sana.sy\/es\/index.php?rest_route=%2Fwp%2Fv2%2Fcomments&post=21896"}],"version-history":[{"count":0,"href":"https:\/\/archive.sana.sy\/es\/index.php?rest_route=\/wp\/v2\/posts\/21896\/revisions"}],"wp:featuredmedia":[{"embeddable":true,"href":"https:\/\/archive.sana.sy\/es\/index.php?rest_route=\/wp\/v2\/media\/7593"}],"wp:attachment":[{"href":"https:\/\/archive.sana.sy\/es\/index.php?rest_route=%2Fwp%2Fv2%2Fmedia&parent=21896"}],"wp:term":[{"taxonomy":"category","embeddable":true,"href":"https:\/\/archive.sana.sy\/es\/index.php?rest_route=%2Fwp%2Fv2%2Fcategories&post=21896"},{"taxonomy":"post_tag","embeddable":true,"href":"https:\/\/archive.sana.sy\/es\/index.php?rest_route=%2Fwp%2Fv2%2Ftags&post=21896"}],"curies":[{"name":"wp","href":"https:\/\/api.w.org\/{rel}","templated":true}]}}