{"id":21898,"date":"2015-04-24T19:35:01","date_gmt":"2015-04-24T16:35:01","guid":{"rendered":"http:\/\/sana.sy\/es\/?p=21898"},"modified":"2015-04-24T19:35:01","modified_gmt":"2015-04-24T16:35:01","slug":"al-menos-7-muertos-en-dos-atentados-en-bagdad","status":"publish","type":"post","link":"https:\/\/archive.sana.sy\/es\/?p=21898","title":{"rendered":"Al menos 7 muertos en dos atentados en Bagdad"},"content":{"rendered":"<p><span style=\"color: #0000ff\">Bagdad-SANA<\/span><\/p>\n<p style=\"text-align: justify\">Al menos 7 personas han muerto este viernes y cerca de 17 han resultado heridas en dos atentados con coche bomba y un artefacto explosivo contra un mercado en Bagdad, seg\u00fan el \u00faltimo recuento de v\u00edctimas proporcionado por una fuente de la polic\u00eda iraqu\u00ed.<\/p>\n<p style=\"text-align: justify\">El primer ataque tuvo lugar en un recado de la ciudad al-Tarmiha al norte de Bagdad, donde fallecieron 4 personas y 8 sufrieron heridas. En el segundo, registrado cerca del tribunal de al-Mahmudiah al sur de Bagdad, causando 3 muertos y 9 heridos.<\/p>\n<p style=\"text-align: justify\"><span style=\"color: #800000\">M.Miri<\/span><\/p>\n","protected":false},"excerpt":{"rendered":"<p>Bagdad-SANA Al menos 7 personas han muerto este viernes y cerca de 17 han resultado heridas en dos atentados con coche bomba y un artefacto explosivo contra un mercado en Bagdad, seg\u00fan el \u00faltimo recuento de v\u00edctimas proporcionado por una fuente de la polic\u00eda iraqu\u00ed. El primer ataque tuvo lugar en un recado de la &hellip;<\/p>\n","protected":false},"author":1,"featured_media":14920,"comment_status":"closed","ping_status":"closed","sticky":false,"template":"","format":"standard","meta":{"footnotes":""},"categories":[456,457],"tags":[5000],"class_list":["post-21898","post","type-post","status-publish","format-standard","has-post-thumbnail","","category-arabe-internacional-politica","category-noticias-arabe-internacional-politica","tag-al-menos-7-muertos-en-dos-atentados-en-bagdad"],"_links":{"self":[{"href":"https:\/\/archive.sana.sy\/es\/index.php?rest_route=\/wp\/v2\/posts\/21898"}],"collection":[{"href":"https:\/\/archive.sana.sy\/es\/index.php?rest_route=\/wp\/v2\/posts"}],"about":[{"href":"https:\/\/archive.sana.sy\/es\/index.php?rest_route=\/wp\/v2\/types\/post"}],"author":[{"embeddable":true,"href":"https:\/\/archive.sana.sy\/es\/index.php?rest_route=\/wp\/v2\/users\/1"}],"replies":[{"embeddable":true,"href":"https:\/\/archive.sana.sy\/es\/index.php?rest_route=%2Fwp%2Fv2%2Fcomments&post=21898"}],"version-history":[{"count":0,"href":"https:\/\/archive.sana.sy\/es\/index.php?rest_route=\/wp\/v2\/posts\/21898\/revisions"}],"wp:featuredmedia":[{"embeddable":true,"href":"https:\/\/archive.sana.sy\/es\/index.php?rest_route=\/wp\/v2\/media\/14920"}],"wp:attachment":[{"href":"https:\/\/archive.sana.sy\/es\/index.php?rest_route=%2Fwp%2Fv2%2Fmedia&parent=21898"}],"wp:term":[{"taxonomy":"category","embeddable":true,"href":"https:\/\/archive.sana.sy\/es\/index.php?rest_route=%2Fwp%2Fv2%2Fcategories&post=21898"},{"taxonomy":"post_tag","embeddable":true,"href":"https:\/\/archive.sana.sy\/es\/index.php?rest_route=%2Fwp%2Fv2%2Ftags&post=21898"}],"curies":[{"name":"wp","href":"https:\/\/api.w.org\/{rel}","templated":true}]}}