{"id":219059,"date":"2022-02-18T14:33:36","date_gmt":"2022-02-18T12:33:36","guid":{"rendered":"http:\/\/107.6.182.27\/es\/?p=219059"},"modified":"2023-01-10T14:20:18","modified_gmt":"2023-01-10T12:20:18","slug":"conversaciones-sirio-rusas-sobre-el-tratamiento-de-personas-discapacitadas","status":"publish","type":"post","link":"https:\/\/archive.sana.sy\/es\/?p=219059","title":{"rendered":"Conversaciones sirio-rusas sobre el tratamiento de personas discapacitadas"},"content":{"rendered":"<p style=\"text-align: justify;\"><span style=\"color: #800000;\"><strong>Damasco, 18 feb (SANA)\u00a0<\/strong> <\/span>Representantes del Ministerio de Asuntos sociales de Siria y el Ministerio de Trabajo y Protecci\u00f3n Social de Rusia examinaron hoy, mediante videoconferencia, las v\u00edas de fortalecer cooperaci\u00f3n en el campo del tratamiento de personas con discapacidades.<\/p>\n<p><img loading=\"lazy\" decoding=\"async\" class=\"wp-image-219061 size-medium alignright\" src=\"http:\/\/107.6.182.27\/es\/wp-content\/uploads\/2022\/02\/80-4-300x155.jpg\" alt=\"\" width=\"300\" height=\"155\" srcset=\"https:\/\/archive.sana.sy\/es\/wp-content\/uploads\/2022\/02\/80-4-300x155.jpg 300w, https:\/\/archive.sana.sy\/es\/wp-content\/uploads\/2022\/02\/80-4-150x78.jpg 150w, https:\/\/archive.sana.sy\/es\/wp-content\/uploads\/2022\/02\/80-4.jpg 660w\" sizes=\"(max-width: 300px) 100vw, 300px\" \/><\/p>\n<p style=\"text-align: justify;\">El director de Planificaci\u00f3n y Cooperaci\u00f3n Internacional del ente sirio, Mahmoud Al-Kawa, explic\u00f3 a SANA que ambas partes acordaron una coordinaci\u00f3n conjunta para determinar la lista de necesidades de los centros de cuido social en Siria y beneficiarse de la experiencia rusa en el campo del cuido de personas con discapacidad.<\/p>\n<p style=\"text-align: justify;\">Adem\u00e1s, se convinieron en la cooperaci\u00f3n en el campo de la formaci\u00f3n y el desarrollo de capacidades, y las posibilidades de establecer un proyecto conjunto para la fabricaci\u00f3n de pr\u00f3tesis.<\/p>\n<p style=\"text-align: justify;\"><strong><em>sm\/fm<\/em><\/strong><\/p>\n","protected":false},"excerpt":{"rendered":"<p>Damasco, 18 feb (SANA)\u00a0 Representantes del Ministerio de Asuntos sociales de Siria y el Ministerio de Trabajo y Protecci\u00f3n Social de Rusia examinaron hoy, mediante videoconferencia, las v\u00edas de fortalecer cooperaci\u00f3n en el campo del tratamiento de personas con discapacidades. El director de Planificaci\u00f3n y Cooperaci\u00f3n Internacional del ente sirio, Mahmoud Al-Kawa, explic\u00f3 a SANA &hellip;<\/p>\n","protected":false},"author":39,"featured_media":219060,"comment_status":"closed","ping_status":"closed","sticky":false,"template":"","format":"standard","meta":{"footnotes":""},"categories":[447,477,597,573,467,7541],"tags":[],"class_list":["post-219059","post","type-post","status-publish","format-standard","has-post-thumbnail","","category-local-politica","category-noticias-edulcorantes","category-cinta-de-noticias","category-la-realidad-de-los-acontecimientos-en-siria","category-siria-y-el-mundo","category-ultimas-noticias"],"_links":{"self":[{"href":"https:\/\/archive.sana.sy\/es\/index.php?rest_route=\/wp\/v2\/posts\/219059"}],"collection":[{"href":"https:\/\/archive.sana.sy\/es\/index.php?rest_route=\/wp\/v2\/posts"}],"about":[{"href":"https:\/\/archive.sana.sy\/es\/index.php?rest_route=\/wp\/v2\/types\/post"}],"author":[{"embeddable":true,"href":"https:\/\/archive.sana.sy\/es\/index.php?rest_route=\/wp\/v2\/users\/39"}],"replies":[{"embeddable":true,"href":"https:\/\/archive.sana.sy\/es\/index.php?rest_route=%2Fwp%2Fv2%2Fcomments&post=219059"}],"version-history":[{"count":0,"href":"https:\/\/archive.sana.sy\/es\/index.php?rest_route=\/wp\/v2\/posts\/219059\/revisions"}],"wp:featuredmedia":[{"embeddable":true,"href":"https:\/\/archive.sana.sy\/es\/index.php?rest_route=\/wp\/v2\/media\/219060"}],"wp:attachment":[{"href":"https:\/\/archive.sana.sy\/es\/index.php?rest_route=%2Fwp%2Fv2%2Fmedia&parent=219059"}],"wp:term":[{"taxonomy":"category","embeddable":true,"href":"https:\/\/archive.sana.sy\/es\/index.php?rest_route=%2Fwp%2Fv2%2Fcategories&post=219059"},{"taxonomy":"post_tag","embeddable":true,"href":"https:\/\/archive.sana.sy\/es\/index.php?rest_route=%2Fwp%2Fv2%2Ftags&post=219059"}],"curies":[{"name":"wp","href":"https:\/\/api.w.org\/{rel}","templated":true}]}}