{"id":219066,"date":"2022-02-18T15:16:19","date_gmt":"2022-02-18T13:16:19","guid":{"rendered":"http:\/\/107.6.182.27\/es\/?p=219066"},"modified":"2023-01-10T16:38:42","modified_gmt":"2023-01-10T14:38:42","slug":"fuerzas-iraquies-capturan-un-terrorista-de-daesh","status":"publish","type":"post","link":"https:\/\/archive.sana.sy\/es\/?p=219066","title":{"rendered":"Fuerzas iraqu\u00edes capturan un terrorista de Daesh"},"content":{"rendered":"<p style=\"text-align: justify;\"><span style=\"color: #800000;\"><strong>Bagdad, 18 feb (SANA)\u00a0 \u00a0<\/strong><\/span>Las fuerzas iraqu\u00edes arrestaron hoy a un terrorista de la organizaci\u00f3n terrorista de Estados Isl\u00e1mico (Daesh, en \u00e1rabe) en la provincia de Anbar, al oeste del pa\u00eds.<\/p>\n<p style=\"text-align: justify;\">&#8220;Sobre la base de informaciones precisas, una unidad de las fuerzas de seguridad arrest\u00f3 a un terrorista en el \u00e1rea de Abu Jir en Ramadi&#8221;, inform\u00f3 una declaraci\u00f3n emitida por el Departamento de Prensa de la Seguridad.<\/p>\n<p style=\"text-align: justify;\"><strong><em>fm\/sm<\/em><\/strong><\/p>\n","protected":false},"excerpt":{"rendered":"<p>Bagdad, 18 feb (SANA)\u00a0 \u00a0Las fuerzas iraqu\u00edes arrestaron hoy a un terrorista de la organizaci\u00f3n terrorista de Estados Isl\u00e1mico (Daesh, en \u00e1rabe) en la provincia de Anbar, al oeste del pa\u00eds. &#8220;Sobre la base de informaciones precisas, una unidad de las fuerzas de seguridad arrest\u00f3 a un terrorista en el \u00e1rea de Abu Jir en &hellip;<\/p>\n","protected":false},"author":39,"featured_media":219067,"comment_status":"closed","ping_status":"closed","sticky":false,"template":"","format":"standard","meta":{"footnotes":""},"categories":[597,456,457],"tags":[],"class_list":["post-219066","post","type-post","status-publish","format-standard","has-post-thumbnail","","category-cinta-de-noticias","category-arabe-internacional-politica","category-noticias-arabe-internacional-politica"],"_links":{"self":[{"href":"https:\/\/archive.sana.sy\/es\/index.php?rest_route=\/wp\/v2\/posts\/219066"}],"collection":[{"href":"https:\/\/archive.sana.sy\/es\/index.php?rest_route=\/wp\/v2\/posts"}],"about":[{"href":"https:\/\/archive.sana.sy\/es\/index.php?rest_route=\/wp\/v2\/types\/post"}],"author":[{"embeddable":true,"href":"https:\/\/archive.sana.sy\/es\/index.php?rest_route=\/wp\/v2\/users\/39"}],"replies":[{"embeddable":true,"href":"https:\/\/archive.sana.sy\/es\/index.php?rest_route=%2Fwp%2Fv2%2Fcomments&post=219066"}],"version-history":[{"count":0,"href":"https:\/\/archive.sana.sy\/es\/index.php?rest_route=\/wp\/v2\/posts\/219066\/revisions"}],"wp:featuredmedia":[{"embeddable":true,"href":"https:\/\/archive.sana.sy\/es\/index.php?rest_route=\/wp\/v2\/media\/219067"}],"wp:attachment":[{"href":"https:\/\/archive.sana.sy\/es\/index.php?rest_route=%2Fwp%2Fv2%2Fmedia&parent=219066"}],"wp:term":[{"taxonomy":"category","embeddable":true,"href":"https:\/\/archive.sana.sy\/es\/index.php?rest_route=%2Fwp%2Fv2%2Fcategories&post=219066"},{"taxonomy":"post_tag","embeddable":true,"href":"https:\/\/archive.sana.sy\/es\/index.php?rest_route=%2Fwp%2Fv2%2Ftags&post=219066"}],"curies":[{"name":"wp","href":"https:\/\/api.w.org\/{rel}","templated":true}]}}