{"id":219081,"date":"2022-02-18T16:24:45","date_gmt":"2022-02-18T14:24:45","guid":{"rendered":"http:\/\/107.6.182.27\/es\/?p=219081"},"modified":"2022-02-18T16:24:45","modified_gmt":"2022-02-18T14:24:45","slug":"siria-participa-en-la-final-asiatica-de-baloncesto-masculino","status":"publish","type":"post","link":"https:\/\/archive.sana.sy\/es\/?p=219081","title":{"rendered":"Siria participa en la final asi\u00e1tica de Baloncesto Masculino"},"content":{"rendered":"<p style=\"text-align: justify;\"><span style=\"color: #800000;\"><strong>Yakarta, 18 feb (SANA)\u00a0<\/strong><\/span> El equipo sirio de baloncesto participa en las finales de Copa de Asia que se disputar\u00e1n en la capital de Indonesia, Yakarta, del 12 al 24 del pr\u00f3ximo julio.<\/p>\n<p style=\"text-align: justify;\"><img loading=\"lazy\" decoding=\"async\" class=\"wp-image-219083 size-medium alignright\" src=\"http:\/\/107.6.182.27\/es\/wp-content\/uploads\/2022\/02\/3-128-300x200.jpg\" alt=\"\" width=\"300\" height=\"200\" srcset=\"https:\/\/archive.sana.sy\/es\/wp-content\/uploads\/2022\/02\/3-128-300x200.jpg 300w, https:\/\/archive.sana.sy\/es\/wp-content\/uploads\/2022\/02\/3-128-150x100.jpg 150w, https:\/\/archive.sana.sy\/es\/wp-content\/uploads\/2022\/02\/3-128.jpg 660w\" sizes=\"(max-width: 300px) 100vw, 300px\" \/><\/p>\n<p style=\"text-align: justify;\">Junto con el equipo sirio en el tercer grupo, est\u00e1n los equipos de Ir\u00e1n, Jap\u00f3n y Kazajist\u00e1n.<\/p>\n<p style=\"text-align: justify;\">La selecci\u00f3n siria hab\u00eda sido clasificada al ocupar el segundo lugar en el quinto grupo con nueve puntos.<\/p>\n<p style=\"text-align: justify;\"><strong><em>sm\/fm<\/em><\/strong><\/p>\n","protected":false},"excerpt":{"rendered":"<p>Yakarta, 18 feb (SANA)\u00a0 El equipo sirio de baloncesto participa en las finales de Copa de Asia que se disputar\u00e1n en la capital de Indonesia, Yakarta, del 12 al 24 del pr\u00f3ximo julio. Junto con el equipo sirio en el tercer grupo, est\u00e1n los equipos de Ir\u00e1n, Jap\u00f3n y Kazajist\u00e1n. La selecci\u00f3n siria hab\u00eda sido &hellip;<\/p>\n","protected":false},"author":39,"featured_media":219082,"comment_status":"closed","ping_status":"closed","sticky":false,"template":"","format":"standard","meta":{"footnotes":""},"categories":[597,494,457,7541],"tags":[],"class_list":["post-219081","post","type-post","status-publish","format-standard","has-post-thumbnail","","category-cinta-de-noticias","category-deportes","category-noticias-arabe-internacional-politica","category-ultimas-noticias"],"_links":{"self":[{"href":"https:\/\/archive.sana.sy\/es\/index.php?rest_route=\/wp\/v2\/posts\/219081"}],"collection":[{"href":"https:\/\/archive.sana.sy\/es\/index.php?rest_route=\/wp\/v2\/posts"}],"about":[{"href":"https:\/\/archive.sana.sy\/es\/index.php?rest_route=\/wp\/v2\/types\/post"}],"author":[{"embeddable":true,"href":"https:\/\/archive.sana.sy\/es\/index.php?rest_route=\/wp\/v2\/users\/39"}],"replies":[{"embeddable":true,"href":"https:\/\/archive.sana.sy\/es\/index.php?rest_route=%2Fwp%2Fv2%2Fcomments&post=219081"}],"version-history":[{"count":0,"href":"https:\/\/archive.sana.sy\/es\/index.php?rest_route=\/wp\/v2\/posts\/219081\/revisions"}],"wp:featuredmedia":[{"embeddable":true,"href":"https:\/\/archive.sana.sy\/es\/index.php?rest_route=\/wp\/v2\/media\/219082"}],"wp:attachment":[{"href":"https:\/\/archive.sana.sy\/es\/index.php?rest_route=%2Fwp%2Fv2%2Fmedia&parent=219081"}],"wp:term":[{"taxonomy":"category","embeddable":true,"href":"https:\/\/archive.sana.sy\/es\/index.php?rest_route=%2Fwp%2Fv2%2Fcategories&post=219081"},{"taxonomy":"post_tag","embeddable":true,"href":"https:\/\/archive.sana.sy\/es\/index.php?rest_route=%2Fwp%2Fv2%2Ftags&post=219081"}],"curies":[{"name":"wp","href":"https:\/\/api.w.org\/{rel}","templated":true}]}}