{"id":219102,"date":"2022-02-18T16:57:26","date_gmt":"2022-02-18T14:57:26","guid":{"rendered":"http:\/\/107.6.182.27\/es\/?p=219102"},"modified":"2023-01-10T16:38:42","modified_gmt":"2023-01-10T14:38:42","slug":"rusia-advierte-del-peligro-de-escalada-en-region-de-donbass","status":"publish","type":"post","link":"https:\/\/archive.sana.sy\/es\/?p=219102","title":{"rendered":"Rusia advierte del peligro de escalada en regi\u00f3n de Donbass"},"content":{"rendered":"<p style=\"text-align: justify;\"><span style=\"color: #800000;\"><strong>Mosc\u00fa 18 feb (SANA)\u00a0<\/strong> <\/span>\u00a0Rusia advirti\u00f3 sobre la gravedad de los recientes acontecimientos en torno a la regi\u00f3n de Donbass, en el sureste de Ucrania.<\/p>\n<p style=\"text-align: justify;\">En su comentario sobre los recientes bombardeos de las fuerzas ucranianas contra barrios residenciales y sitios en las rep\u00fablicas de Donetsk y Lugansk, el Portavoz de la Presidencia rusa, Dmitry Peskov, dijo que \u201clo que est\u00e1 sucediendo en Donbass en este momento es una noticia muy preocupante y estos acontecimientos supondr\u00edan un gran peligro&#8221;.<\/p>\n<p style=\"text-align: justify;\">Tambi\u00e9n, indic\u00f3 que las negociaciones entre Rusia y Occidente sobre la iniciativa de garant\u00edas de seguridad que Mosc\u00fa present\u00f3 en diciembre pasado, deben proseguir.<\/p>\n<p style=\"text-align: justify;\">El vocero, se\u00f1al\u00f3 que hay planes para realizar contactos con Estados Unidos a nivel de los cancilleres.<\/p>\n<p style=\"text-align: justify;\"><strong><em>fm\/sm<\/em><\/strong><\/p>\n<p style=\"text-align: justify;\">\n","protected":false},"excerpt":{"rendered":"<p>Mosc\u00fa 18 feb (SANA)\u00a0 \u00a0Rusia advirti\u00f3 sobre la gravedad de los recientes acontecimientos en torno a la regi\u00f3n de Donbass, en el sureste de Ucrania. En su comentario sobre los recientes bombardeos de las fuerzas ucranianas contra barrios residenciales y sitios en las rep\u00fablicas de Donetsk y Lugansk, el Portavoz de la Presidencia rusa, Dmitry &hellip;<\/p>\n","protected":false},"author":39,"featured_media":219103,"comment_status":"closed","ping_status":"closed","sticky":false,"template":"","format":"standard","meta":{"footnotes":""},"categories":[447,597,456,457],"tags":[],"class_list":["post-219102","post","type-post","status-publish","format-standard","has-post-thumbnail","","category-local-politica","category-cinta-de-noticias","category-arabe-internacional-politica","category-noticias-arabe-internacional-politica"],"_links":{"self":[{"href":"https:\/\/archive.sana.sy\/es\/index.php?rest_route=\/wp\/v2\/posts\/219102"}],"collection":[{"href":"https:\/\/archive.sana.sy\/es\/index.php?rest_route=\/wp\/v2\/posts"}],"about":[{"href":"https:\/\/archive.sana.sy\/es\/index.php?rest_route=\/wp\/v2\/types\/post"}],"author":[{"embeddable":true,"href":"https:\/\/archive.sana.sy\/es\/index.php?rest_route=\/wp\/v2\/users\/39"}],"replies":[{"embeddable":true,"href":"https:\/\/archive.sana.sy\/es\/index.php?rest_route=%2Fwp%2Fv2%2Fcomments&post=219102"}],"version-history":[{"count":0,"href":"https:\/\/archive.sana.sy\/es\/index.php?rest_route=\/wp\/v2\/posts\/219102\/revisions"}],"wp:featuredmedia":[{"embeddable":true,"href":"https:\/\/archive.sana.sy\/es\/index.php?rest_route=\/wp\/v2\/media\/219103"}],"wp:attachment":[{"href":"https:\/\/archive.sana.sy\/es\/index.php?rest_route=%2Fwp%2Fv2%2Fmedia&parent=219102"}],"wp:term":[{"taxonomy":"category","embeddable":true,"href":"https:\/\/archive.sana.sy\/es\/index.php?rest_route=%2Fwp%2Fv2%2Fcategories&post=219102"},{"taxonomy":"post_tag","embeddable":true,"href":"https:\/\/archive.sana.sy\/es\/index.php?rest_route=%2Fwp%2Fv2%2Ftags&post=219102"}],"curies":[{"name":"wp","href":"https:\/\/api.w.org\/{rel}","templated":true}]}}