{"id":219113,"date":"2022-02-18T17:59:32","date_gmt":"2022-02-18T15:59:32","guid":{"rendered":"http:\/\/107.6.182.27\/es\/?p=219113"},"modified":"2023-01-10T16:38:41","modified_gmt":"2023-01-10T14:38:41","slug":"dron-de-la-resistencia-cumple-exitosamente-mision-de-reconocimiento-sobre-el-norte-de-palestina","status":"publish","type":"post","link":"https:\/\/archive.sana.sy\/es\/?p=219113","title":{"rendered":"Dron de la resistencia cumple exitosamente misi\u00f3n de reconocimiento sobre el norte de Palestina"},"content":{"rendered":"<p style=\"text-align: justify;\"><span style=\"color: #800000;\"><strong>Beirut, 18 feb (SANA)\u00a0 <\/strong><\/span>La Resistencia Nacional Libanesa confirm\u00f3 que un dron suyo realiz\u00f3 exitosamente una misi\u00f3n de reconocimiento sobre los territorios palestinos ocupados.<\/p>\n<p style=\"text-align: justify;\">El dron entr\u00f3 los territorios palestinos ocupados y recorri\u00f3 el \u00e1rea objetivo durante 40 minutos en una misi\u00f3n de reconocimiento que se extendi\u00f3 a lo largo 70 kil\u00f3metros al norte de Palestina ocupada, anunci\u00f3 la resistencia libanesa en una declaraci\u00f3n.<\/p>\n<p style=\"text-align: justify;\">Agreg\u00f3 que, a pesar de los intentos del enemigo israel\u00ed de derribar el aparato, el dron regres\u00f3 a salvo despu\u00e9s de haber cumplido su misi\u00f3n.<\/p>\n<p style=\"text-align: justify;\"><strong><em>sm\/fm<\/em><\/strong><\/p>\n","protected":false},"excerpt":{"rendered":"<p>Beirut, 18 feb (SANA)\u00a0 La Resistencia Nacional Libanesa confirm\u00f3 que un dron suyo realiz\u00f3 exitosamente una misi\u00f3n de reconocimiento sobre los territorios palestinos ocupados. El dron entr\u00f3 los territorios palestinos ocupados y recorri\u00f3 el \u00e1rea objetivo durante 40 minutos en una misi\u00f3n de reconocimiento que se extendi\u00f3 a lo largo 70 kil\u00f3metros al norte de &hellip;<\/p>\n","protected":false},"author":39,"featured_media":219114,"comment_status":"closed","ping_status":"closed","sticky":false,"template":"","format":"standard","meta":{"footnotes":""},"categories":[447,597,456,457],"tags":[],"class_list":["post-219113","post","type-post","status-publish","format-standard","has-post-thumbnail","","category-local-politica","category-cinta-de-noticias","category-arabe-internacional-politica","category-noticias-arabe-internacional-politica"],"_links":{"self":[{"href":"https:\/\/archive.sana.sy\/es\/index.php?rest_route=\/wp\/v2\/posts\/219113"}],"collection":[{"href":"https:\/\/archive.sana.sy\/es\/index.php?rest_route=\/wp\/v2\/posts"}],"about":[{"href":"https:\/\/archive.sana.sy\/es\/index.php?rest_route=\/wp\/v2\/types\/post"}],"author":[{"embeddable":true,"href":"https:\/\/archive.sana.sy\/es\/index.php?rest_route=\/wp\/v2\/users\/39"}],"replies":[{"embeddable":true,"href":"https:\/\/archive.sana.sy\/es\/index.php?rest_route=%2Fwp%2Fv2%2Fcomments&post=219113"}],"version-history":[{"count":0,"href":"https:\/\/archive.sana.sy\/es\/index.php?rest_route=\/wp\/v2\/posts\/219113\/revisions"}],"wp:featuredmedia":[{"embeddable":true,"href":"https:\/\/archive.sana.sy\/es\/index.php?rest_route=\/wp\/v2\/media\/219114"}],"wp:attachment":[{"href":"https:\/\/archive.sana.sy\/es\/index.php?rest_route=%2Fwp%2Fv2%2Fmedia&parent=219113"}],"wp:term":[{"taxonomy":"category","embeddable":true,"href":"https:\/\/archive.sana.sy\/es\/index.php?rest_route=%2Fwp%2Fv2%2Fcategories&post=219113"},{"taxonomy":"post_tag","embeddable":true,"href":"https:\/\/archive.sana.sy\/es\/index.php?rest_route=%2Fwp%2Fv2%2Ftags&post=219113"}],"curies":[{"name":"wp","href":"https:\/\/api.w.org\/{rel}","templated":true}]}}