{"id":219199,"date":"2022-02-18T16:17:02","date_gmt":"2022-02-18T14:17:02","guid":{"rendered":"http:\/\/107.6.182.27\/es\/?p=219199"},"modified":"2023-01-10T16:38:42","modified_gmt":"2023-01-10T14:38:42","slug":"donetsk-y-luhansk-anuncian-el-inicio-de-la-evacuacion-de-sus-ciudadanos-a-rusia","status":"publish","type":"post","link":"https:\/\/archive.sana.sy\/es\/?p=219199","title":{"rendered":"Donetsk y Luhansk anuncian el inicio de la evacuaci\u00f3n de sus ciudadanos a Rusia"},"content":{"rendered":"<p style=\"text-align: justify;\"><strong><span style=\"color: #800000;\">Donetsk y Lugansk, 18 feb (SANA)\u00a0<\/span><\/strong> \u00a0La Rep\u00fablicas Populares de Donetsk y Lugansk, proclamadas unilateralmente, anunciaron el inicio de la evacuaci\u00f3n de sus ciudadanos civiles a Rusia en previsi\u00f3n de un inminente ataque militar de las fuerzas del gobierno ucraniano.<\/p>\n<p style=\"text-align: justify;\">El presidente de Donetsk, Denis Pushilin, denunci\u00f3 hoy en un comunicado que las fuerzas del gobierno ucraniano han continuado durante los \u00faltimos meses la movilizaci\u00f3n de fuerzas y armas a lo largo de la l\u00ednea de contacto en Donbass, incluidos lanzacohetes y sistemas Stinger y Javelin de fabricaci\u00f3n estadounidense.<\/p>\n<p style=\"text-align: justify;\">Pushilin enfatiz\u00f3 que las fuerzas del gobierno de Kiev ahora han tomado sus posiciones en preparaci\u00f3n para un intento de reforzar el control sobre Donbass por la fuerza.<\/p>\n<p style=\"text-align: justify;\">Se\u00f1al\u00f3 que el presidente ucraniano, Vladimir Zelensky, pronto dar\u00e1 una orden a los militares para iniciar la ofensiva e intervenir en los territorios de la autoproclamadas Rep\u00fablicas Populares de Donetsk y Lugansk.<\/p>\n<p style=\"text-align: justify;\">Reiter\u00f3 que las fuerzas de Donetsk est\u00e1n listas para el combate y expres\u00f3 su convicci\u00f3n en su capacidad para proteger a los civiles y la infraestructura.<\/p>\n<p style=\"text-align: justify;\">fm\/rr<\/p>\n","protected":false},"excerpt":{"rendered":"<p>Donetsk y Lugansk, 18 feb (SANA)\u00a0 \u00a0La Rep\u00fablicas Populares de Donetsk y Lugansk, proclamadas unilateralmente, anunciaron el inicio de la evacuaci\u00f3n de sus ciudadanos civiles a Rusia en previsi\u00f3n de un inminente ataque militar de las fuerzas del gobierno ucraniano. El presidente de Donetsk, Denis Pushilin, denunci\u00f3 hoy en un comunicado que las fuerzas del &hellip;<\/p>\n","protected":false},"author":31,"featured_media":219200,"comment_status":"closed","ping_status":"closed","sticky":false,"template":"","format":"standard","meta":{"footnotes":""},"categories":[456,7541],"tags":[],"class_list":["post-219199","post","type-post","status-publish","format-standard","has-post-thumbnail","","category-arabe-internacional-politica","category-ultimas-noticias"],"_links":{"self":[{"href":"https:\/\/archive.sana.sy\/es\/index.php?rest_route=\/wp\/v2\/posts\/219199"}],"collection":[{"href":"https:\/\/archive.sana.sy\/es\/index.php?rest_route=\/wp\/v2\/posts"}],"about":[{"href":"https:\/\/archive.sana.sy\/es\/index.php?rest_route=\/wp\/v2\/types\/post"}],"author":[{"embeddable":true,"href":"https:\/\/archive.sana.sy\/es\/index.php?rest_route=\/wp\/v2\/users\/31"}],"replies":[{"embeddable":true,"href":"https:\/\/archive.sana.sy\/es\/index.php?rest_route=%2Fwp%2Fv2%2Fcomments&post=219199"}],"version-history":[{"count":0,"href":"https:\/\/archive.sana.sy\/es\/index.php?rest_route=\/wp\/v2\/posts\/219199\/revisions"}],"wp:featuredmedia":[{"embeddable":true,"href":"https:\/\/archive.sana.sy\/es\/index.php?rest_route=\/wp\/v2\/media\/219200"}],"wp:attachment":[{"href":"https:\/\/archive.sana.sy\/es\/index.php?rest_route=%2Fwp%2Fv2%2Fmedia&parent=219199"}],"wp:term":[{"taxonomy":"category","embeddable":true,"href":"https:\/\/archive.sana.sy\/es\/index.php?rest_route=%2Fwp%2Fv2%2Fcategories&post=219199"},{"taxonomy":"post_tag","embeddable":true,"href":"https:\/\/archive.sana.sy\/es\/index.php?rest_route=%2Fwp%2Fv2%2Ftags&post=219199"}],"curies":[{"name":"wp","href":"https:\/\/api.w.org\/{rel}","templated":true}]}}