{"id":21921,"date":"2015-04-25T13:19:09","date_gmt":"2015-04-25T10:19:09","guid":{"rendered":"http:\/\/sana.sy\/es\/?p=21921"},"modified":"2015-04-25T13:19:09","modified_gmt":"2015-04-25T10:19:09","slug":"condena-a-18-meses-de-prision-a-un-britanico-acusado-por-promover-el-terrorismo","status":"publish","type":"post","link":"https:\/\/archive.sana.sy\/es\/?p=21921","title":{"rendered":"Condena a 18 meses de prisi\u00f3n a un brit\u00e1nico acusado por promover el terrorismo"},"content":{"rendered":"<p><span style=\"color: #800000\">Londres, SANA<\/span><\/p>\n<p>El tribunal brit\u00e1nico de Old Bailey sentenci\u00f3 a 18 meses de prisi\u00f3n a un brit\u00e1nico acusado de promover la organizaci\u00f3n terrorista del Estado Isl\u00e1mico y compartir materiales de publicidad para dicha organizaci\u00f3n a trav\u00e9s de su p\u00e1gina en el sitio de Facebook.<\/p>\n<p>El peri\u00f3dico \u201cThe Independent\u201d inform\u00f3 que &#8220;la pena de prisi\u00f3n fue dictada contra Hassan Munir, de 27 a\u00f1os, de la ciudad de Bradford al noroeste de Gran Breta\u00f1a, por haber publicado enlaces electr\u00f3nicos de la revista que emite la organizaci\u00f3n terrorista del (EI) bajo el nombre de \u201cDabek&#8221;, a trav\u00e9s de una p\u00e1gina en Facebook, as\u00ed como la publicaci\u00f3n de materiales terroristas incluyendo clips de cr\u00edmenes de decapitaciones&#8221;.<\/p>\n<p>El juez de la corte de Old Bailey de Londres advirti\u00f3 durante la pronunciaci\u00f3n del veredicto, que la revista representa una amenaza grave porque pide a la gente a tomar las armas en nombre de la organizaci\u00f3n terrorista, ya que anima al lector a cometer actos de asesinato.<\/p>\n<p>El n\u00famero de brit\u00e1nicos que se uni\u00f3 a las organizaciones terroristas en Siria e Irak, supera los 2000, de acuerdo con los diputados en la C\u00e1mara de los Comunes.<br \/>\nFady M., Lynn A.<\/p>\n","protected":false},"excerpt":{"rendered":"<p>Londres, SANA El tribunal brit\u00e1nico de Old Bailey sentenci\u00f3 a 18 meses de prisi\u00f3n a un brit\u00e1nico acusado de promover la organizaci\u00f3n terrorista del Estado Isl\u00e1mico y compartir materiales de publicidad para dicha organizaci\u00f3n a trav\u00e9s de su p\u00e1gina en el sitio de Facebook. El peri\u00f3dico \u201cThe Independent\u201d inform\u00f3 que &#8220;la pena de prisi\u00f3n fue &hellip;<\/p>\n","protected":false},"author":24,"featured_media":15926,"comment_status":"closed","ping_status":"closed","sticky":false,"template":"","format":"standard","meta":{"footnotes":""},"categories":[555],"tags":[5006],"class_list":["post-21921","post","type-post","status-publish","format-standard","has-post-thumbnail","","category-prensa","tag-condena-a-18-meses-de-prision-a-un-britanico-acusado-por-promover-el-terrorismo"],"_links":{"self":[{"href":"https:\/\/archive.sana.sy\/es\/index.php?rest_route=\/wp\/v2\/posts\/21921"}],"collection":[{"href":"https:\/\/archive.sana.sy\/es\/index.php?rest_route=\/wp\/v2\/posts"}],"about":[{"href":"https:\/\/archive.sana.sy\/es\/index.php?rest_route=\/wp\/v2\/types\/post"}],"author":[{"embeddable":true,"href":"https:\/\/archive.sana.sy\/es\/index.php?rest_route=\/wp\/v2\/users\/24"}],"replies":[{"embeddable":true,"href":"https:\/\/archive.sana.sy\/es\/index.php?rest_route=%2Fwp%2Fv2%2Fcomments&post=21921"}],"version-history":[{"count":0,"href":"https:\/\/archive.sana.sy\/es\/index.php?rest_route=\/wp\/v2\/posts\/21921\/revisions"}],"wp:featuredmedia":[{"embeddable":true,"href":"https:\/\/archive.sana.sy\/es\/index.php?rest_route=\/wp\/v2\/media\/15926"}],"wp:attachment":[{"href":"https:\/\/archive.sana.sy\/es\/index.php?rest_route=%2Fwp%2Fv2%2Fmedia&parent=21921"}],"wp:term":[{"taxonomy":"category","embeddable":true,"href":"https:\/\/archive.sana.sy\/es\/index.php?rest_route=%2Fwp%2Fv2%2Fcategories&post=21921"},{"taxonomy":"post_tag","embeddable":true,"href":"https:\/\/archive.sana.sy\/es\/index.php?rest_route=%2Fwp%2Fv2%2Ftags&post=21921"}],"curies":[{"name":"wp","href":"https:\/\/api.w.org\/{rel}","templated":true}]}}